{"id":14944,"date":"2014-12-24T18:58:19","date_gmt":"2014-12-24T16:58:19","guid":{"rendered":"http:\/\/www.sana.sy\/es\/?p=14944"},"modified":"2014-12-24T19:51:41","modified_gmt":"2014-12-24T17:51:41","slug":"jordania-confirma-la-caida-de-un-avion-de-combate-en-raqqa-y-la-captura-del-piloto-por-el-estado-islamico","status":"publish","type":"post","link":"https:\/\/archive.sana.sy\/es\/?p=14944","title":{"rendered":"Jordania confirma la ca\u00edda de un avi\u00f3n de combate en Raqqa y la captura del piloto por el Estado Isl\u00e1mico"},"content":{"rendered":"<p style=\"text-align: justify\"><span style=\"color: #800000\">Amman, SANA<\/span><\/p>\n<p style=\"text-align: justify\">Una fuente oficial del Comando General de las Fuerzas Armadas de Jordania confirm\u00f3 el mi\u00e9rcoles que uno de sus aviones de combate se estrell\u00f3 cerca de la ciudad de Raqqa, en el noreste de Siria.<\/p>\n<p style=\"text-align: justify\">La fuente, citada por la Agencia de Noticias de Jordania (Petra), dijo que el piloto fue capturado y hecho cautivo por los miembros de la organizaci\u00f3n terrorista Estado Isl\u00e1mico de Irak y Siria (Daesh).<\/p>\n<p style=\"text-align: justify\">Seg\u00fan la fuente, el avi\u00f3n de la Real Fuerza A\u00e9rea de Jordania se encontraba entre otros aviones de combate en una misi\u00f3n militar contra concentraciones de Daesh en el \u00e1rea de al-Raqqa en Siria el mi\u00e9rcoles por la ma\u00f1ana donde se estrell\u00f3, y agreg\u00f3 que el piloto, de nombre de Muaz al-Kasasbeh &#8220;, fue tomado como reh\u00e9n por Daesh&#8221;.<\/p>\n<p style=\"text-align: justify\">La fuente jordana responsabiliz\u00f3 a Daesh y a los partidos que lo apoyan por la seguridad del piloto.<\/p>\n<p style=\"text-align: justify\">Cabe destacar que hoy, Daesh hab\u00eda publicada en sus p\u00e1ginas de redes sociales varias fotos de un piloto que dec\u00eda ser el jordano Muaz al-Kasasbeh rodeado por un n\u00famero de miembros de la organizaci\u00f3n terrorista.<\/p>\n<p style=\"text-align: justify\"><span style=\"color: #0000ff\">Ghifar Al Ali &amp; Riyad Sh.<\/span><\/p>\n","protected":false},"excerpt":{"rendered":"<p>Amman, SANA Una fuente oficial del Comando General de las Fuerzas Armadas de Jordania confirm\u00f3 el mi\u00e9rcoles que uno de sus aviones de combate se estrell\u00f3 cerca de la ciudad de Raqqa, en el noreste de Siria. La fuente, citada por la Agencia de Noticias de Jordania (Petra), dijo que el piloto fue capturado y &hellip;<\/p>\n","protected":false},"author":1,"featured_media":14945,"comment_status":"closed","ping_status":"closed","sticky":false,"template":"","format":"standard","meta":{"footnotes":""},"categories":[597,456,457,576],"tags":[3406],"class_list":["post-14944","post","type-post","status-publish","format-standard","has-post-thumbnail","","category-cinta-de-noticias","category-arabe-internacional-politica","category-noticias-arabe-internacional-politica","category-noticias-politicas","tag-jordania-confirma-la-caida-de-un-avion-de-combate-en-raqqa-y-la-captura-del-piloto-por-el-estado-islamico"],"_links":{"self":[{"href":"https:\/\/archive.sana.sy\/es\/index.php?rest_route=\/wp\/v2\/posts\/14944"}],"collection":[{"href":"https:\/\/archive.sana.sy\/es\/index.php?rest_route=\/wp\/v2\/posts"}],"about":[{"href":"https:\/\/archive.sana.sy\/es\/index.php?rest_route=\/wp\/v2\/types\/post"}],"author":[{"embeddable":true,"href":"https:\/\/archive.sana.sy\/es\/index.php?rest_route=\/wp\/v2\/users\/1"}],"replies":[{"embeddable":true,"href":"https:\/\/archive.sana.sy\/es\/index.php?rest_route=%2Fwp%2Fv2%2Fcomments&post=14944"}],"version-history":[{"count":0,"href":"https:\/\/archive.sana.sy\/es\/index.php?rest_route=\/wp\/v2\/posts\/14944\/revisions"}],"wp:featuredmedia":[{"embeddable":true,"href":"https:\/\/archive.sana.sy\/es\/index.php?rest_route=\/wp\/v2\/media\/14945"}],"wp:attachment":[{"href":"https:\/\/archive.sana.sy\/es\/index.php?rest_route=%2Fwp%2Fv2%2Fmedia&parent=14944"}],"wp:term":[{"taxonomy":"category","embeddable":true,"href":"https:\/\/archive.sana.sy\/es\/index.php?rest_route=%2Fwp%2Fv2%2Fcategories&post=14944"},{"taxonomy":"post_tag","embeddable":true,"href":"https:\/\/archive.sana.sy\/es\/index.php?rest_route=%2Fwp%2Fv2%2Ftags&post=14944"}],"curies":[{"name":"wp","href":"https:\/\/api.w.org\/{rel}","templated":true}]}}