{"id":149444,"date":"2020-08-13T07:34:16","date_gmt":"2020-08-13T04:34:16","guid":{"rendered":"http:\/\/sana.sy\/es\/?p=149444"},"modified":"2023-01-12T14:43:33","modified_gmt":"2023-01-12T12:43:33","slug":"fuerzas-de-ocupacion-israeli-arrestan-a-siete-palestinos-en-cisjordania","status":"publish","type":"post","link":"https:\/\/archive.sana.sy\/es\/?p=149444","title":{"rendered":"Fuerzas de ocupaci\u00f3n israel\u00ed arrestan a siete palestinos en Cisjordania"},"content":{"rendered":"<p style=\"text-align: justify;\"><span style=\"color: #800000;\"><strong>Jerusal\u00e9n ocupada, SANA <\/strong><\/span><\/p>\n<p style=\"text-align: justify;\">Los soldados sionistas arrestaron a siete palestinos en diferentes partes de Cisjordania.<\/p>\n<p style=\"text-align: justify;\">Seg\u00fan inform\u00f3 la agencia WAFA, las tropas sionistas allanaron las ciudades de Jenin y Naplusa, la localidad de Jabal Al-Mawaleh en Bel\u00e9n, las localidades de Beit Rima y Deir Ghassana al noroeste de Ramallah y la localidad de Beit Ummar, al norte de Hebr\u00f3n, y arrestaron a siete palestinos.<\/p>\n<p style=\"text-align: justify;\">En la v\u00edspera, los soldados israel\u00edes arrestaron a diez palestinos en Cisjordania.<\/p>\n<p style=\"text-align: justify;\">Las fuerzas de ocupaci\u00f3n israel\u00edes contin\u00faan sus pr\u00e1cticas agresivas contra los palestinos acos\u00e1ndolos, atac\u00e1ndolos en sus ciudades y pueblos con el objetivo de desplazarlos, apoderarse de sus tierras y judaizarlos.<\/p>\n<p style=\"text-align: justify;\"><strong><span style=\"color: #0000ff;\">E.D\/ F.M<\/span><\/strong><\/p>\n","protected":false},"excerpt":{"rendered":"<p>Jerusal\u00e9n ocupada, SANA Los soldados sionistas arrestaron a siete palestinos en diferentes partes de Cisjordania. Seg\u00fan inform\u00f3 la agencia WAFA, las tropas sionistas allanaron las ciudades de Jenin y Naplusa, la localidad de Jabal Al-Mawaleh en Bel\u00e9n, las localidades de Beit Rima y Deir Ghassana al noroeste de Ramallah y la localidad de Beit Ummar, &hellip;<\/p>\n","protected":false},"author":32,"featured_media":149445,"comment_status":"closed","ping_status":"closed","sticky":false,"template":"","format":"standard","meta":{"footnotes":""},"categories":[597,456,7541],"tags":[],"class_list":["post-149444","post","type-post","status-publish","format-standard","has-post-thumbnail","","category-cinta-de-noticias","category-arabe-internacional-politica","category-ultimas-noticias"],"_links":{"self":[{"href":"https:\/\/archive.sana.sy\/es\/index.php?rest_route=\/wp\/v2\/posts\/149444"}],"collection":[{"href":"https:\/\/archive.sana.sy\/es\/index.php?rest_route=\/wp\/v2\/posts"}],"about":[{"href":"https:\/\/archive.sana.sy\/es\/index.php?rest_route=\/wp\/v2\/types\/post"}],"author":[{"embeddable":true,"href":"https:\/\/archive.sana.sy\/es\/index.php?rest_route=\/wp\/v2\/users\/32"}],"replies":[{"embeddable":true,"href":"https:\/\/archive.sana.sy\/es\/index.php?rest_route=%2Fwp%2Fv2%2Fcomments&post=149444"}],"version-history":[{"count":0,"href":"https:\/\/archive.sana.sy\/es\/index.php?rest_route=\/wp\/v2\/posts\/149444\/revisions"}],"wp:featuredmedia":[{"embeddable":true,"href":"https:\/\/archive.sana.sy\/es\/index.php?rest_route=\/wp\/v2\/media\/149445"}],"wp:attachment":[{"href":"https:\/\/archive.sana.sy\/es\/index.php?rest_route=%2Fwp%2Fv2%2Fmedia&parent=149444"}],"wp:term":[{"taxonomy":"category","embeddable":true,"href":"https:\/\/archive.sana.sy\/es\/index.php?rest_route=%2Fwp%2Fv2%2Fcategories&post=149444"},{"taxonomy":"post_tag","embeddable":true,"href":"https:\/\/archive.sana.sy\/es\/index.php?rest_route=%2Fwp%2Fv2%2Ftags&post=149444"}],"curies":[{"name":"wp","href":"https:\/\/api.w.org\/{rel}","templated":true}]}}