{"id":14947,"date":"2014-12-24T19:14:29","date_gmt":"2014-12-24T17:14:29","guid":{"rendered":"http:\/\/www.sana.sy\/es\/?p=14947"},"modified":"2014-12-24T19:53:13","modified_gmt":"2014-12-24T17:53:13","slug":"evento-estudiantil-en-la-universidad-de-damasco-en-apoyo-de-personas-con-discapacidad","status":"publish","type":"post","link":"https:\/\/archive.sana.sy\/es\/?p=14947","title":{"rendered":"Evento estudiantil en la Universidad de Damasco en apoyo de personas con discapacidad"},"content":{"rendered":"<p style=\"text-align: justify\"><span style=\"color: #800000\">Damasco, SANA<\/span><\/p>\n<p style=\"text-align: justify\">La Uni\u00f3n Nacional de Estudiantes Sirios organiz\u00f3 el mi\u00e9rcoles un evento con motivo del D\u00eda Internacional de las Personas con Discapacidad; que se celebra el 3 de diciembre de cada a\u00f1o.<\/p>\n<p style=\"text-align: justify\">Decenas de estudiantes se reunieron en la Universidad de Damasco y en la carretera Mazzeh, donde marcharon hacia el Club Deportivo Al-Yalaa, a pocos kil\u00f3metros de distancia, y dos equipos de estudiantes con discapacidad que estudian en la Universidad jugaron un partido de goalball.<\/p>\n<p style=\"text-align: justify\">Algunos de los participantes que hablaron con el reportero de SANA dijeron que tales eventos siempre dejan un efecto positivo en las personas con discapacidad, ya que de este modo perciben que tienen el apoyo de la sociedad y su respaldo.<\/p>\n<p style=\"text-align: justify\">Los estudiantes entrevistados expresaron su creencia de que las personas con discapacidad son los segmentos b\u00e1sicos de la sociedad y pueden ser socios plenos en la construcci\u00f3n del futuro de la patria, ya que son &#8220;capaces de lograr lo que las personas normales no pueden.&#8221;<\/p>\n<p style=\"text-align: justify\">El evento cont\u00f3 con la presencia del ministro de Educaci\u00f3n Superior Mohammad Amer Mardini y el Rector de la Universidad de Damasco, Mohammad Hassan al-Kurdi.<\/p>\n<p style=\"text-align: justify\">\n<p style=\"text-align: justify\"><a href=\"http:\/\/www.sana.sy\/es\/wp-content\/uploads\/2014\/12\/110.jpg\"><img loading=\"lazy\" decoding=\"async\" class=\"alignnone size-medium wp-image-14949\" src=\"http:\/\/www.sana.sy\/es\/wp-content\/uploads\/2014\/12\/110-300x195.jpg\" alt=\"1\" width=\"300\" height=\"195\" srcset=\"https:\/\/archive.sana.sy\/es\/wp-content\/uploads\/2014\/12\/110-300x195.jpg 300w, https:\/\/archive.sana.sy\/es\/wp-content\/uploads\/2014\/12\/110-150x98.jpg 150w, https:\/\/archive.sana.sy\/es\/wp-content\/uploads\/2014\/12\/110.jpg 312w\" sizes=\"(max-width: 300px) 100vw, 300px\" \/><\/a>\u00a0<a href=\"http:\/\/www.sana.sy\/es\/wp-content\/uploads\/2014\/12\/25.jpg\"><img loading=\"lazy\" decoding=\"async\" class=\"alignnone size-medium wp-image-14951\" src=\"http:\/\/www.sana.sy\/es\/wp-content\/uploads\/2014\/12\/25-300x199.jpg\" alt=\"2\" width=\"300\" height=\"199\" srcset=\"https:\/\/archive.sana.sy\/es\/wp-content\/uploads\/2014\/12\/25-300x199.jpg 300w, https:\/\/archive.sana.sy\/es\/wp-content\/uploads\/2014\/12\/25-150x100.jpg 150w, https:\/\/archive.sana.sy\/es\/wp-content\/uploads\/2014\/12\/25.jpg 306w\" sizes=\"(max-width: 300px) 100vw, 300px\" \/><\/a><\/p>\n<p style=\"text-align: justify\"><span style=\"color: #0000ff\">Ghifar Al Ali &amp; Riyad Sh.<\/span><\/p>\n","protected":false},"excerpt":{"rendered":"<p>Damasco, SANA La Uni\u00f3n Nacional de Estudiantes Sirios organiz\u00f3 el mi\u00e9rcoles un evento con motivo del D\u00eda Internacional de las Personas con Discapacidad; que se celebra el 3 de diciembre de cada a\u00f1o. Decenas de estudiantes se reunieron en la Universidad de Damasco y en la carretera Mazzeh, donde marcharon hacia el Club Deportivo Al-Yalaa, &hellip;<\/p>\n","protected":false},"author":1,"featured_media":14948,"comment_status":"closed","ping_status":"closed","sticky":false,"template":"","format":"standard","meta":{"footnotes":""},"categories":[477,597,476],"tags":[3407],"class_list":["post-14947","post","type-post","status-publish","format-standard","has-post-thumbnail","","category-noticias-edulcorantes","category-cinta-de-noticias","category-locales","tag-evento-estudiantil-en-la-universidad-de-damasco-en-apoyo-de-personas-con-discapacidad"],"_links":{"self":[{"href":"https:\/\/archive.sana.sy\/es\/index.php?rest_route=\/wp\/v2\/posts\/14947"}],"collection":[{"href":"https:\/\/archive.sana.sy\/es\/index.php?rest_route=\/wp\/v2\/posts"}],"about":[{"href":"https:\/\/archive.sana.sy\/es\/index.php?rest_route=\/wp\/v2\/types\/post"}],"author":[{"embeddable":true,"href":"https:\/\/archive.sana.sy\/es\/index.php?rest_route=\/wp\/v2\/users\/1"}],"replies":[{"embeddable":true,"href":"https:\/\/archive.sana.sy\/es\/index.php?rest_route=%2Fwp%2Fv2%2Fcomments&post=14947"}],"version-history":[{"count":0,"href":"https:\/\/archive.sana.sy\/es\/index.php?rest_route=\/wp\/v2\/posts\/14947\/revisions"}],"wp:featuredmedia":[{"embeddable":true,"href":"https:\/\/archive.sana.sy\/es\/index.php?rest_route=\/wp\/v2\/media\/14948"}],"wp:attachment":[{"href":"https:\/\/archive.sana.sy\/es\/index.php?rest_route=%2Fwp%2Fv2%2Fmedia&parent=14947"}],"wp:term":[{"taxonomy":"category","embeddable":true,"href":"https:\/\/archive.sana.sy\/es\/index.php?rest_route=%2Fwp%2Fv2%2Fcategories&post=14947"},{"taxonomy":"post_tag","embeddable":true,"href":"https:\/\/archive.sana.sy\/es\/index.php?rest_route=%2Fwp%2Fv2%2Ftags&post=14947"}],"curies":[{"name":"wp","href":"https:\/\/api.w.org\/{rel}","templated":true}]}}