{"id":14969,"date":"2014-12-24T12:28:09","date_gmt":"2014-12-24T10:28:09","guid":{"rendered":"http:\/\/www.sana.sy\/es\/?p=14969"},"modified":"2014-12-25T16:46:19","modified_gmt":"2014-12-25T14:46:19","slug":"la-celebracion-de-la-navidad-en-siria-se-ha-limitado-a-las-oraciones","status":"publish","type":"post","link":"https:\/\/archive.sana.sy\/es\/?p=14969","title":{"rendered":"La celebraci\u00f3n de la Navidad en Siria se ha limitado a las oraciones"},"content":{"rendered":"<div>Provincias, SANA<\/div>\n<div><\/div>\n<div><span lang=\"ES-TRAD\">Las celebraciones de Navidad en Siria se han limitado a las oraciones debido a los tr\u00e1gicos sucesos que est\u00e1 presenciando Siria y por honor y respeto a los m\u00e1rtires civiles quienes fueron v\u00edctimas del terrorismo y los militares que dieron su vida en la lucha antiterrorista.<\/span><\/div>\n<div><\/div>\n<div><span lang=\"ES-TRAD\">En esta ocasi\u00f3n, las comunidades cristianas en oda Siria efectuaron misas y oraciones en las iglesias y los lugares de culto.<\/span><\/div>\n<div><\/div>\n<div><span lang=\"ES-TRAD\">En la catedral ortodoxa sir\u00edaca en Alepo, se celebr\u00f3 una misa con motivo del nacimiento de Jesucristo, mensajero del amor y de la paz.<\/span><\/div>\n<div><\/div>\n<div><span lang=\"ES-TRAD\">En la misa, el Patriarca Mar Ignacio Efr\u00e9n II, Patriarca de Antioqu\u00eda y Todo Oriente, y Jefe Supremo de la Iglesia Ortodoxa Sir\u00edaca en el mundo, habl\u00f3 sobre los significados del nacimiento de Jesucristo y los nobles valores que lleva en s\u00ed esta ocasi\u00f3n, haciendo hincapi\u00e9 en que el mensaje del amor y la paz que trajo Jes\u00fas Cristo seguir\u00e1 siendo un faro para la humanidad.<\/span><\/div>\n<div><\/div>\n<div><span lang=\"ES-TRAD\">El patriarca dijo: \u201chay que trabajar por la paz y orar para que la paz est\u00e9 con aquellos que cayeron m\u00e1rtires o resultaron heridos\u201d.<\/span><\/div>\n<div><\/div>\n<div><span lang=\"ES-TRAD\">Asimismo, pidi\u00f3 a Dios que devuelva la tranquilidad y la paz a Siria, el lugar de donde se difundi\u00f3 el Cristianismo para el mundo entero.<\/span><\/div>\n<div><\/div>\n<div><span lang=\"ES-TRAD\">Por otra parte, el Patriarca Yohanna X Yazaji, patriarca de Antioqu\u00eda y todo Oriente para la Iglesia greco-ortodoxa, presidi\u00f3 una misa en la Iglesia de Mar Elias en Alepo.<\/span><\/div>\n<div><\/div>\n<div><span lang=\"ES-TRAD\">El Patriarca Yazigi dijo en su homil\u00eda, que los hijos de Siria a\u00f1oran el amor divino y oran para que Dios est\u00e9 con todo herido, desaparecido, dolido o afectado.<\/span><\/div>\n<div><\/div>\n<div><span lang=\"ES-TRAD\">El patriarca or\u00f3 a Dios para que preserve a Siria, pueblo y ej\u00e9rcito, y para que la tranquilidad vuelva a la patria.<\/span><\/div>\n<div><\/div>\n<div><span lang=\"ES-TRAD\">En la Iglesia de Mar\u00eda en Damasco, se celebr\u00f3 una gran misa presidida por el patriarcal del Patriarcado de Antioqu\u00eda y todo Oriente para los Greco-ortodoxos, el arzobispo Afram Malouli.<\/span><\/div>\n<div><\/div>\n<div><span lang=\"ES-TRAD\">Malouli indic\u00f3 en su serm\u00f3n, que el mundo hizo vista gorda sobre lo que est\u00e1 sucediendo en Siria, destacando que los cristianos son enraizados en esta tierra y no la abandonar\u00e1n.<\/span><\/div>\n<div><\/div>\n<div><span lang=\"ES-TRAD\">Tambi\u00e9n, reafirm\u00f3 que Siria seguir\u00e1 siendo mensajera de la paz y el amor para el mundo.<\/span><\/div>\n<div><\/div>\n<div><span lang=\"ES-TRAD\">Asimismo, se celebraron misas y oraciones en las iglesias y los lugares de culto en las diferentes provincias de Siria.<\/span><\/div>\n<div><\/div>\n<div><span lang=\"ES-TRAD\">Asistieron a todas las misas, eruditos y cl\u00e9rigos musulmanes.<\/span><\/div>\n<div><\/div>\n<div>Fady M., Hala B.<\/div>\n<div class=\"yj6qo ajU\">\n<div id=\":12b\" class=\"ajR\"><img decoding=\"async\" class=\"ajT\" src=\"https:\/\/ssl.gstatic.com\/ui\/v1\/icons\/mail\/images\/cleardot.gif\" alt=\"\" \/><\/div>\n<\/div>\n","protected":false},"excerpt":{"rendered":"<p>Provincias, SANA Las celebraciones de Navidad en Siria se han limitado a las oraciones debido a los tr\u00e1gicos sucesos que est\u00e1 presenciando Siria y por honor y respeto a los m\u00e1rtires civiles quienes fueron v\u00edctimas del terrorismo y los militares que dieron su vida en la lucha antiterrorista. En esta ocasi\u00f3n, las comunidades cristianas en &hellip;<\/p>\n","protected":false},"author":1,"featured_media":14970,"comment_status":"closed","ping_status":"closed","sticky":false,"template":"","format":"standard","meta":{"footnotes":""},"categories":[477,476],"tags":[3413],"class_list":["post-14969","post","type-post","status-publish","format-standard","has-post-thumbnail","","category-noticias-edulcorantes","category-locales","tag-la-celebracion-de-la-navidad-en-siria-se-ha-limitado-a-las-oraciones"],"_links":{"self":[{"href":"https:\/\/archive.sana.sy\/es\/index.php?rest_route=\/wp\/v2\/posts\/14969"}],"collection":[{"href":"https:\/\/archive.sana.sy\/es\/index.php?rest_route=\/wp\/v2\/posts"}],"about":[{"href":"https:\/\/archive.sana.sy\/es\/index.php?rest_route=\/wp\/v2\/types\/post"}],"author":[{"embeddable":true,"href":"https:\/\/archive.sana.sy\/es\/index.php?rest_route=\/wp\/v2\/users\/1"}],"replies":[{"embeddable":true,"href":"https:\/\/archive.sana.sy\/es\/index.php?rest_route=%2Fwp%2Fv2%2Fcomments&post=14969"}],"version-history":[{"count":0,"href":"https:\/\/archive.sana.sy\/es\/index.php?rest_route=\/wp\/v2\/posts\/14969\/revisions"}],"wp:featuredmedia":[{"embeddable":true,"href":"https:\/\/archive.sana.sy\/es\/index.php?rest_route=\/wp\/v2\/media\/14970"}],"wp:attachment":[{"href":"https:\/\/archive.sana.sy\/es\/index.php?rest_route=%2Fwp%2Fv2%2Fmedia&parent=14969"}],"wp:term":[{"taxonomy":"category","embeddable":true,"href":"https:\/\/archive.sana.sy\/es\/index.php?rest_route=%2Fwp%2Fv2%2Fcategories&post=14969"},{"taxonomy":"post_tag","embeddable":true,"href":"https:\/\/archive.sana.sy\/es\/index.php?rest_route=%2Fwp%2Fv2%2Ftags&post=14969"}],"curies":[{"name":"wp","href":"https:\/\/api.w.org\/{rel}","templated":true}]}}