{"id":149790,"date":"2020-08-18T08:20:13","date_gmt":"2020-08-18T05:20:13","guid":{"rendered":"http:\/\/sana.sy\/es\/?p=149790"},"modified":"2023-01-12T14:43:30","modified_gmt":"2023-01-12T12:43:30","slug":"nuevas-agresiones-aereas-israelies-contra-la-franja-de-gaza","status":"publish","type":"post","link":"https:\/\/archive.sana.sy\/es\/?p=149790","title":{"rendered":"Nuevas agresiones a\u00e9reas israel\u00edes contra la Franja de Gaza"},"content":{"rendered":"<p style=\"text-align: justify;\"><span style=\"color: #800000;\"><strong>Jerusal\u00e9n ocupada, SANA<\/strong><\/span><\/p>\n<p style=\"text-align: justify;\">Los aviones de combate del ocupante israel\u00edes lanz\u00f3 nuevas agresiones contra la sitiada Franja de Gaza.<\/p>\n<p style=\"text-align: justify;\">Seg\u00fan divulg\u00f3 la Agencia de Noticias Palestina \u201cMa&#8217;an\u201d, los ataques israel\u00edes con misiles apuntaron contra tierras agr\u00edcolas en las cercan\u00edas del Aeropuerto Internacional de Gaza al este de la ciudad de Rafah, en el sur de la Franja de Gaza.<\/p>\n<p style=\"text-align: justify;\">Las incursiones provocaron da\u00f1os materiales en las propiedades palestinas, inform\u00f3 la agencia.<\/p>\n<p style=\"text-align: justify;\">En la v\u00edspera, las fuerzas de ocupaci\u00f3n israel\u00edes mataron a tiros a un palestino cerca de Bab Hatta, una de las puertas de la mezquita Al-Aqsa en la Jerusal\u00e9n ocupada.<\/p>\n<p style=\"text-align: justify;\"><span style=\"color: #0000ff;\">F.M<\/span><\/p>\n","protected":false},"excerpt":{"rendered":"<p>Jerusal\u00e9n ocupada, SANA Los aviones de combate del ocupante israel\u00edes lanz\u00f3 nuevas agresiones contra la sitiada Franja de Gaza. Seg\u00fan divulg\u00f3 la Agencia de Noticias Palestina \u201cMa&#8217;an\u201d, los ataques israel\u00edes con misiles apuntaron contra tierras agr\u00edcolas en las cercan\u00edas del Aeropuerto Internacional de Gaza al este de la ciudad de Rafah, en el sur de &hellip;<\/p>\n","protected":false},"author":34,"featured_media":149792,"comment_status":"closed","ping_status":"closed","sticky":false,"template":"","format":"standard","meta":{"footnotes":""},"categories":[597,456,7541],"tags":[],"class_list":["post-149790","post","type-post","status-publish","format-standard","has-post-thumbnail","","category-cinta-de-noticias","category-arabe-internacional-politica","category-ultimas-noticias"],"_links":{"self":[{"href":"https:\/\/archive.sana.sy\/es\/index.php?rest_route=\/wp\/v2\/posts\/149790"}],"collection":[{"href":"https:\/\/archive.sana.sy\/es\/index.php?rest_route=\/wp\/v2\/posts"}],"about":[{"href":"https:\/\/archive.sana.sy\/es\/index.php?rest_route=\/wp\/v2\/types\/post"}],"author":[{"embeddable":true,"href":"https:\/\/archive.sana.sy\/es\/index.php?rest_route=\/wp\/v2\/users\/34"}],"replies":[{"embeddable":true,"href":"https:\/\/archive.sana.sy\/es\/index.php?rest_route=%2Fwp%2Fv2%2Fcomments&post=149790"}],"version-history":[{"count":0,"href":"https:\/\/archive.sana.sy\/es\/index.php?rest_route=\/wp\/v2\/posts\/149790\/revisions"}],"wp:featuredmedia":[{"embeddable":true,"href":"https:\/\/archive.sana.sy\/es\/index.php?rest_route=\/wp\/v2\/media\/149792"}],"wp:attachment":[{"href":"https:\/\/archive.sana.sy\/es\/index.php?rest_route=%2Fwp%2Fv2%2Fmedia&parent=149790"}],"wp:term":[{"taxonomy":"category","embeddable":true,"href":"https:\/\/archive.sana.sy\/es\/index.php?rest_route=%2Fwp%2Fv2%2Fcategories&post=149790"},{"taxonomy":"post_tag","embeddable":true,"href":"https:\/\/archive.sana.sy\/es\/index.php?rest_route=%2Fwp%2Fv2%2Ftags&post=149790"}],"curies":[{"name":"wp","href":"https:\/\/api.w.org\/{rel}","templated":true}]}}