{"id":149796,"date":"2020-08-18T10:26:00","date_gmt":"2020-08-18T07:26:00","guid":{"rendered":"http:\/\/sana.sy\/es\/?p=149796"},"modified":"2020-08-18T10:26:00","modified_gmt":"2020-08-18T07:26:00","slug":"protestan-en-hasakeh-contra-el-ataque-aereo-estadounidense-lanzado-la-vispera-contra-un-punto-del-ejercito-sirio-en-qamishli-y-para-exigir-la-salida-de-los-ocupantes-turco-y-estadounidense","status":"publish","type":"post","link":"https:\/\/archive.sana.sy\/es\/?p=149796","title":{"rendered":"Protestan en Hasakeh contra el ataque a\u00e9reo estadounidense lanzado la v\u00edspera contra un punto del ej\u00e9rcito sirio en Qamishli y para exigir la salida de los ocupantes turco y estadounidense"},"content":{"rendered":"","protected":false},"excerpt":{"rendered":"","protected":false},"author":35,"featured_media":0,"comment_status":"closed","ping_status":"closed","sticky":false,"template":"","format":"standard","meta":{"footnotes":""},"categories":[596],"tags":[],"class_list":["post-149796","post","type-post","status-publish","format-standard","","category-urgente"],"_links":{"self":[{"href":"https:\/\/archive.sana.sy\/es\/index.php?rest_route=\/wp\/v2\/posts\/149796"}],"collection":[{"href":"https:\/\/archive.sana.sy\/es\/index.php?rest_route=\/wp\/v2\/posts"}],"about":[{"href":"https:\/\/archive.sana.sy\/es\/index.php?rest_route=\/wp\/v2\/types\/post"}],"author":[{"embeddable":true,"href":"https:\/\/archive.sana.sy\/es\/index.php?rest_route=\/wp\/v2\/users\/35"}],"replies":[{"embeddable":true,"href":"https:\/\/archive.sana.sy\/es\/index.php?rest_route=%2Fwp%2Fv2%2Fcomments&post=149796"}],"version-history":[{"count":0,"href":"https:\/\/archive.sana.sy\/es\/index.php?rest_route=\/wp\/v2\/posts\/149796\/revisions"}],"wp:attachment":[{"href":"https:\/\/archive.sana.sy\/es\/index.php?rest_route=%2Fwp%2Fv2%2Fmedia&parent=149796"}],"wp:term":[{"taxonomy":"category","embeddable":true,"href":"https:\/\/archive.sana.sy\/es\/index.php?rest_route=%2Fwp%2Fv2%2Fcategories&post=149796"},{"taxonomy":"post_tag","embeddable":true,"href":"https:\/\/archive.sana.sy\/es\/index.php?rest_route=%2Fwp%2Fv2%2Ftags&post=149796"}],"curies":[{"name":"wp","href":"https:\/\/api.w.org\/{rel}","templated":true}]}}