{"id":149814,"date":"2020-08-18T11:11:43","date_gmt":"2020-08-18T08:11:43","guid":{"rendered":"http:\/\/sana.sy\/es\/?p=149814"},"modified":"2020-08-18T12:20:26","modified_gmt":"2020-08-18T09:20:26","slug":"washington-viola-el-derecho-internacional-con-su-ocupacion-a-territorios-sirios","status":"publish","type":"post","link":"https:\/\/archive.sana.sy\/es\/?p=149814","title":{"rendered":"Washington viola el Derecho Internacional con su ocupaci\u00f3n a territorios sirios"},"content":{"rendered":"<p><span style=\"color: #800000;\"><strong>Praga, SANA<\/strong><\/span><\/p>\n<p>El portal de noticias checo \u201cNarodni Noviny\u201d afirm\u00f3 que la presencia de fuerzas militares estadounidenses en el territorio sirio es ilegal ya que roban, saquean y contrabandean el petr\u00f3leo sirio.<\/p>\n<p>\u201cEstados Unidos intenta sabotear la econom\u00eda siria mediante la imposici\u00f3n de medidas coercitivas unilaterales y eso contradice las normas del Derecho Internacional\u201d, se\u00f1al\u00f3.<\/p>\n<p>Seg\u00fan el medio, el ataque a\u00e9reo de Estados Unidos contra un punto de control del ej\u00e9rcito sirio es una flagrante agresi\u00f3n.<\/p>\n<p><span style=\"color: #0000ff;\"><strong>W.S\/F.M<\/strong><\/span><\/p>\n","protected":false},"excerpt":{"rendered":"<p>Praga, SANA El portal de noticias checo \u201cNarodni Noviny\u201d afirm\u00f3 que la presencia de fuerzas militares estadounidenses en el territorio sirio es ilegal ya que roban, saquean y contrabandean el petr\u00f3leo sirio. \u201cEstados Unidos intenta sabotear la econom\u00eda siria mediante la imposici\u00f3n de medidas coercitivas unilaterales y eso contradice las normas del Derecho Internacional\u201d, se\u00f1al\u00f3. &hellip;<\/p>\n","protected":false},"author":35,"featured_media":149817,"comment_status":"closed","ping_status":"closed","sticky":false,"template":"","format":"standard","meta":{"footnotes":""},"categories":[597,467,7541],"tags":[],"class_list":["post-149814","post","type-post","status-publish","format-standard","has-post-thumbnail","","category-cinta-de-noticias","category-siria-y-el-mundo","category-ultimas-noticias"],"_links":{"self":[{"href":"https:\/\/archive.sana.sy\/es\/index.php?rest_route=\/wp\/v2\/posts\/149814"}],"collection":[{"href":"https:\/\/archive.sana.sy\/es\/index.php?rest_route=\/wp\/v2\/posts"}],"about":[{"href":"https:\/\/archive.sana.sy\/es\/index.php?rest_route=\/wp\/v2\/types\/post"}],"author":[{"embeddable":true,"href":"https:\/\/archive.sana.sy\/es\/index.php?rest_route=\/wp\/v2\/users\/35"}],"replies":[{"embeddable":true,"href":"https:\/\/archive.sana.sy\/es\/index.php?rest_route=%2Fwp%2Fv2%2Fcomments&post=149814"}],"version-history":[{"count":0,"href":"https:\/\/archive.sana.sy\/es\/index.php?rest_route=\/wp\/v2\/posts\/149814\/revisions"}],"wp:featuredmedia":[{"embeddable":true,"href":"https:\/\/archive.sana.sy\/es\/index.php?rest_route=\/wp\/v2\/media\/149817"}],"wp:attachment":[{"href":"https:\/\/archive.sana.sy\/es\/index.php?rest_route=%2Fwp%2Fv2%2Fmedia&parent=149814"}],"wp:term":[{"taxonomy":"category","embeddable":true,"href":"https:\/\/archive.sana.sy\/es\/index.php?rest_route=%2Fwp%2Fv2%2Fcategories&post=149814"},{"taxonomy":"post_tag","embeddable":true,"href":"https:\/\/archive.sana.sy\/es\/index.php?rest_route=%2Fwp%2Fv2%2Ftags&post=149814"}],"curies":[{"name":"wp","href":"https:\/\/api.w.org\/{rel}","templated":true}]}}