{"id":149824,"date":"2020-08-18T15:02:23","date_gmt":"2020-08-18T12:02:23","guid":{"rendered":"http:\/\/sana.sy\/es\/?p=149824"},"modified":"2023-01-10T14:32:04","modified_gmt":"2023-01-10T12:32:04","slug":"fallecio-un-nino-por-falta-de-atencion-medica-en-campamento-controlado-por-la-milicia-fds","status":"publish","type":"post","link":"https:\/\/archive.sana.sy\/es\/?p=149824","title":{"rendered":"Falleci\u00f3 un ni\u00f1o por falta de atenci\u00f3n m\u00e9dica en campamento controlado por la milicia FDS"},"content":{"rendered":"<p style=\"text-align: justify;\"><span style=\"color: #800000;\"><strong>Hasakeh, SANA<\/strong><\/span><\/p>\n<p style=\"text-align: justify;\">Un ni\u00f1o falleci\u00f3 hoy por falta de atenci\u00f3n m\u00e9dica en el campamento al-Hol ubicado al este de la ciudad de Hasakeh, y que se encuentra controlado por la autoproclamada milicia proestadounidense Fuerzas Democr\u00e1ticas de Siria (FDS).<\/p>\n<p style=\"text-align: justify;\">Activistas locales informaron al reportero de SANA que la falta de atenci\u00f3n m\u00e9dica caus\u00f3 la muerte del ni\u00f1o e indic\u00f3 que dicho campamento vive un estado de deterioro constante de las condiciones de sus residentes y una escasez de agua y alimentos que llevaron a la propagaci\u00f3n de enfermedades.<\/p>\n<p style=\"text-align: justify;\">El s\u00e1bado \u00faltimo, una ni\u00f1o muri\u00f3 por la misma raz\u00f3n.<\/p>\n<p style=\"text-align: justify;\">Washington y su milicia FDS retienen desde hace cinco a\u00f1os en el campamento Al-Hol a decenas de miles de desplazados sirios que viven en una p\u00e9sima situaci\u00f3n por la falta de agua, higiene y alimentos.<\/p>\n<p style=\"text-align: justify;\"><span style=\"color: #0000ff;\"><strong>F.M\/W.S<\/strong><\/span><\/p>\n","protected":false},"excerpt":{"rendered":"<p>Hasakeh, SANA Un ni\u00f1o falleci\u00f3 hoy por falta de atenci\u00f3n m\u00e9dica en el campamento al-Hol ubicado al este de la ciudad de Hasakeh, y que se encuentra controlado por la autoproclamada milicia proestadounidense Fuerzas Democr\u00e1ticas de Siria (FDS). Activistas locales informaron al reportero de SANA que la falta de atenci\u00f3n m\u00e9dica caus\u00f3 la muerte del &hellip;<\/p>\n","protected":false},"author":35,"featured_media":149828,"comment_status":"closed","ping_status":"closed","sticky":false,"template":"","format":"standard","meta":{"footnotes":""},"categories":[477,447,597,573,476,7541],"tags":[],"class_list":["post-149824","post","type-post","status-publish","format-standard","has-post-thumbnail","","category-noticias-edulcorantes","category-local-politica","category-cinta-de-noticias","category-la-realidad-de-los-acontecimientos-en-siria","category-locales","category-ultimas-noticias"],"_links":{"self":[{"href":"https:\/\/archive.sana.sy\/es\/index.php?rest_route=\/wp\/v2\/posts\/149824"}],"collection":[{"href":"https:\/\/archive.sana.sy\/es\/index.php?rest_route=\/wp\/v2\/posts"}],"about":[{"href":"https:\/\/archive.sana.sy\/es\/index.php?rest_route=\/wp\/v2\/types\/post"}],"author":[{"embeddable":true,"href":"https:\/\/archive.sana.sy\/es\/index.php?rest_route=\/wp\/v2\/users\/35"}],"replies":[{"embeddable":true,"href":"https:\/\/archive.sana.sy\/es\/index.php?rest_route=%2Fwp%2Fv2%2Fcomments&post=149824"}],"version-history":[{"count":0,"href":"https:\/\/archive.sana.sy\/es\/index.php?rest_route=\/wp\/v2\/posts\/149824\/revisions"}],"wp:featuredmedia":[{"embeddable":true,"href":"https:\/\/archive.sana.sy\/es\/index.php?rest_route=\/wp\/v2\/media\/149828"}],"wp:attachment":[{"href":"https:\/\/archive.sana.sy\/es\/index.php?rest_route=%2Fwp%2Fv2%2Fmedia&parent=149824"}],"wp:term":[{"taxonomy":"category","embeddable":true,"href":"https:\/\/archive.sana.sy\/es\/index.php?rest_route=%2Fwp%2Fv2%2Fcategories&post=149824"},{"taxonomy":"post_tag","embeddable":true,"href":"https:\/\/archive.sana.sy\/es\/index.php?rest_route=%2Fwp%2Fv2%2Ftags&post=149824"}],"curies":[{"name":"wp","href":"https:\/\/api.w.org\/{rel}","templated":true}]}}