{"id":14987,"date":"2014-12-25T16:49:26","date_gmt":"2014-12-25T14:49:26","guid":{"rendered":"http:\/\/www.sana.sy\/es\/?p=14987"},"modified":"2014-12-26T17:51:19","modified_gmt":"2014-12-26T15:51:19","slug":"continuan-las-celebraciones-por-la-navidad","status":"publish","type":"post","link":"https:\/\/archive.sana.sy\/es\/?p=14987","title":{"rendered":"Contin\u00faan las celebraciones por la Navidad"},"content":{"rendered":"<p>Damasco, SANA<br \/>\nLas celebraciones por la Navidad han continuado este jueves en todas las provincias sirias.<\/p>\n<p>En la Catedral de Mar Jergos para Sir\u00edacos-ortodoxos en Damasco, se efectu\u00f3 una misa presidida por el obispo Juan Kawak, el vicario del Patriarcado de Antioqu\u00eda y todo Oriente para los sir\u00edacos-ortodoxos.<\/p>\n<p>En su serm\u00f3n, el obispo Kawak llam\u00f3 a los sirios para aferrarse a la tierra y a preservar su presencia y su papel nacional y civilizador.<\/p>\n<p>Tambi\u00e9n lanz\u00f3 un llamamiento para los sirios, tanto musulmanes como cristianos, a trabajar juntos como hermanos para llegar los m\u00e1s pronto al final del t\u00fanel oscuro que vive la patria.<\/p>\n<p>Asimismo inst\u00f3 a detener la violencia y el derramamiento de sangre, llamando a entablar un di\u00e1logo intersirio, siendo la \u00fanica salida de la crisis siria.<\/p>\n<p>Kawak expres\u00f3 su rechazo a cualquier soluci\u00f3n parcial que podr\u00eda socavar la unidad de Siria y sembrar la discordia entre sus hijos.<\/p>\n<p>De igual manera, se celebr\u00f3 una misa navide\u00f1a en la iglesia evang\u00e9lica nacional en Damasco.<\/p>\n<p>El obispo Boutros Zaour quien encabez\u00f3 la misma,rez\u00f3 por la restauraci\u00f3n de la seguridad, la paz y el amor en todo el territorio sirio.<\/p>\n<p>Tambi\u00e9n se dirigi\u00f3 a los sirios, exigi\u00e9ndoles a cerrar filas ante la conspiraci\u00f3n y el terrorismo que sufre su pa\u00eds.<\/p>\n<p>Es de se\u00f1alar que las celebraciones de Navidad en Siria se han limitado a las oraciones debido a los tr\u00e1gicos sucesos que est\u00e1 presenciando Siria y por honor y respeto a los m\u00e1rtires civiles quienes fueron v\u00edctimas del terrorismo y los militares que dieron su vida en la lucha antiterrorista.<br \/>\nFady M., Lynn A.<\/p>\n","protected":false},"excerpt":{"rendered":"<p>Damasco, SANA Las celebraciones por la Navidad han continuado este jueves en todas las provincias sirias. En la Catedral de Mar Jergos para Sir\u00edacos-ortodoxos en Damasco, se efectu\u00f3 una misa presidida por el obispo Juan Kawak, el vicario del Patriarcado de Antioqu\u00eda y todo Oriente para los sir\u00edacos-ortodoxos. En su serm\u00f3n, el obispo Kawak llam\u00f3 &hellip;<\/p>\n","protected":false},"author":24,"featured_media":14988,"comment_status":"closed","ping_status":"closed","sticky":false,"template":"","format":"standard","meta":{"footnotes":""},"categories":[477,597,476],"tags":[],"class_list":["post-14987","post","type-post","status-publish","format-standard","has-post-thumbnail","","category-noticias-edulcorantes","category-cinta-de-noticias","category-locales"],"_links":{"self":[{"href":"https:\/\/archive.sana.sy\/es\/index.php?rest_route=\/wp\/v2\/posts\/14987"}],"collection":[{"href":"https:\/\/archive.sana.sy\/es\/index.php?rest_route=\/wp\/v2\/posts"}],"about":[{"href":"https:\/\/archive.sana.sy\/es\/index.php?rest_route=\/wp\/v2\/types\/post"}],"author":[{"embeddable":true,"href":"https:\/\/archive.sana.sy\/es\/index.php?rest_route=\/wp\/v2\/users\/24"}],"replies":[{"embeddable":true,"href":"https:\/\/archive.sana.sy\/es\/index.php?rest_route=%2Fwp%2Fv2%2Fcomments&post=14987"}],"version-history":[{"count":0,"href":"https:\/\/archive.sana.sy\/es\/index.php?rest_route=\/wp\/v2\/posts\/14987\/revisions"}],"wp:featuredmedia":[{"embeddable":true,"href":"https:\/\/archive.sana.sy\/es\/index.php?rest_route=\/wp\/v2\/media\/14988"}],"wp:attachment":[{"href":"https:\/\/archive.sana.sy\/es\/index.php?rest_route=%2Fwp%2Fv2%2Fmedia&parent=14987"}],"wp:term":[{"taxonomy":"category","embeddable":true,"href":"https:\/\/archive.sana.sy\/es\/index.php?rest_route=%2Fwp%2Fv2%2Fcategories&post=14987"},{"taxonomy":"post_tag","embeddable":true,"href":"https:\/\/archive.sana.sy\/es\/index.php?rest_route=%2Fwp%2Fv2%2Ftags&post=14987"}],"curies":[{"name":"wp","href":"https:\/\/api.w.org\/{rel}","templated":true}]}}