{"id":149891,"date":"2020-08-18T22:29:02","date_gmt":"2020-08-18T19:29:02","guid":{"rendered":"http:\/\/sana.sy\/es\/?p=149891"},"modified":"2023-01-12T14:43:29","modified_gmt":"2023-01-12T12:43:29","slug":"cae-un-misil-en-las-cercanias-del-aeropuerto-internacional-de-bagdad","status":"publish","type":"post","link":"https:\/\/archive.sana.sy\/es\/?p=149891","title":{"rendered":"Cae un misil en las cercan\u00edas del aeropuerto internacional de Bagdad"},"content":{"rendered":"<p><span style=\"color: #800000;\">Bagdad, SANA<\/span><\/p>\n<p style=\"text-align: justify;\">La C\u00e9lula de Medios de Seguridad Iraqu\u00ed inform\u00f3 que un cohete Katyusha cay\u00f3 en las cercan\u00edas del Aeropuerto Internacional de Bagdad\u00a0 sin causar v\u00edctimas.<\/p>\n<p style=\"text-align: justify;\">&#8221; Un cohete Katyusha aterriz\u00f3 en las cercan\u00edas del Aeropuerto Internacional de Bagdad, sin reportar p\u00e9rdidas significativas&#8221;, cit\u00f3 la agencia de noticias iraqu\u00ed a la C\u00e9lula.<\/p>\n<p style=\"text-align: justify;\">La C\u00e9lula agreg\u00f3 en su declaraci\u00f3n: &#8220;Se encontr\u00f3 que el misil fue lanzado desde la aldea de Al-Fayyad, al sureste del aer\u00f3dromo &#8220;.<\/p>\n<p><em>M.M<\/em><\/p>\n","protected":false},"excerpt":{"rendered":"<p>Bagdad, SANA La C\u00e9lula de Medios de Seguridad Iraqu\u00ed inform\u00f3 que un cohete Katyusha cay\u00f3 en las cercan\u00edas del Aeropuerto Internacional de Bagdad\u00a0 sin causar v\u00edctimas. &#8221; Un cohete Katyusha aterriz\u00f3 en las cercan\u00edas del Aeropuerto Internacional de Bagdad, sin reportar p\u00e9rdidas significativas&#8221;, cit\u00f3 la agencia de noticias iraqu\u00ed a la C\u00e9lula. La C\u00e9lula agreg\u00f3 &hellip;<\/p>\n","protected":false},"author":36,"featured_media":149892,"comment_status":"closed","ping_status":"closed","sticky":false,"template":"","format":"standard","meta":{"footnotes":""},"categories":[597,456,457],"tags":[],"class_list":["post-149891","post","type-post","status-publish","format-standard","has-post-thumbnail","","category-cinta-de-noticias","category-arabe-internacional-politica","category-noticias-arabe-internacional-politica"],"_links":{"self":[{"href":"https:\/\/archive.sana.sy\/es\/index.php?rest_route=\/wp\/v2\/posts\/149891"}],"collection":[{"href":"https:\/\/archive.sana.sy\/es\/index.php?rest_route=\/wp\/v2\/posts"}],"about":[{"href":"https:\/\/archive.sana.sy\/es\/index.php?rest_route=\/wp\/v2\/types\/post"}],"author":[{"embeddable":true,"href":"https:\/\/archive.sana.sy\/es\/index.php?rest_route=\/wp\/v2\/users\/36"}],"replies":[{"embeddable":true,"href":"https:\/\/archive.sana.sy\/es\/index.php?rest_route=%2Fwp%2Fv2%2Fcomments&post=149891"}],"version-history":[{"count":0,"href":"https:\/\/archive.sana.sy\/es\/index.php?rest_route=\/wp\/v2\/posts\/149891\/revisions"}],"wp:featuredmedia":[{"embeddable":true,"href":"https:\/\/archive.sana.sy\/es\/index.php?rest_route=\/wp\/v2\/media\/149892"}],"wp:attachment":[{"href":"https:\/\/archive.sana.sy\/es\/index.php?rest_route=%2Fwp%2Fv2%2Fmedia&parent=149891"}],"wp:term":[{"taxonomy":"category","embeddable":true,"href":"https:\/\/archive.sana.sy\/es\/index.php?rest_route=%2Fwp%2Fv2%2Fcategories&post=149891"},{"taxonomy":"post_tag","embeddable":true,"href":"https:\/\/archive.sana.sy\/es\/index.php?rest_route=%2Fwp%2Fv2%2Ftags&post=149891"}],"curies":[{"name":"wp","href":"https:\/\/api.w.org\/{rel}","templated":true}]}}