{"id":14996,"date":"2014-12-25T17:40:51","date_gmt":"2014-12-25T15:40:51","guid":{"rendered":"http:\/\/www.sana.sy\/es\/?p=14996"},"modified":"2014-12-25T17:50:17","modified_gmt":"2014-12-25T15:50:17","slug":"el-patriarca-laham-llama-desde-el-cairo-a-fortalecer-el-amor-y-la-reconciliacion-frente-al-terrorismo-y-extremismo","status":"publish","type":"post","link":"https:\/\/archive.sana.sy\/es\/?p=14996","title":{"rendered":"El patriarca Laham llama desde el Cairo a fortalecer el amor y la reconciliaci\u00f3n frente al terrorismo"},"content":{"rendered":"<p>El Cairo, SANA<\/p>\n<p>El patriarca, Gregorios III Laham, patriarca de Antioqu\u00eda y todo el Oriente para los greco-cat\u00f3licos melquitas encabez\u00f3 ayer una misa en la Catedral de la Resurrecci\u00f3n en la capital egipcia el Cairo con motivo de las santas Navidades.<\/p>\n<p>El patriarca al-Laham destac\u00f3 la necesidad de fortalecer los principios del amor, la paz, la ciudadan\u00eda, y la reconciliaci\u00f3n frente de la ola de extremismo, violencia y terrorismo que est\u00e1 azotando la regi\u00f3n, especialmente Siria e Irak.<\/p>\n<p>Asimismo llam\u00f3 a los pa\u00edses \u00e1rabes a \u201cinmunizar sus casas interiores\u201d para hacer frente a las duras circunstancias por las que atraviesa el mundo \u00e1rabe, haciendo referencia a los continuos llamados del sumo pont\u00edfice Francisco I a cada cristiano en Oriente Medio para aferrarse a su territorio.<\/p>\n<p>El Patriarca Laham rez\u00f3 por el restablecimiento de la seguridad en Siria, suplicando a Dios que d\u00e9 fuerza a su liderazgo y ej\u00e9rcito para vencer\u00a0el terrorismo.<\/p>\n<p>Lynn A.<\/p>\n","protected":false},"excerpt":{"rendered":"<p>El Cairo, SANA El patriarca, Gregorios III Laham, patriarca de Antioqu\u00eda y todo el Oriente para los greco-cat\u00f3licos melquitas encabez\u00f3 ayer una misa en la Catedral de la Resurrecci\u00f3n en la capital egipcia el Cairo con motivo de las santas Navidades. El patriarca al-Laham destac\u00f3 la necesidad de fortalecer los principios del amor, la paz, &hellip;<\/p>\n","protected":false},"author":24,"featured_media":14465,"comment_status":"closed","ping_status":"closed","sticky":false,"template":"","format":"standard","meta":{"footnotes":""},"categories":[477,476],"tags":[3421],"class_list":["post-14996","post","type-post","status-publish","format-standard","has-post-thumbnail","","category-noticias-edulcorantes","category-locales","tag-el-patriarca-laham-llama-desde-el-cairo-a-fortalecer-el-amor-y-la-reconciliacion-frente-al-terrorismo-y-extremismo"],"_links":{"self":[{"href":"https:\/\/archive.sana.sy\/es\/index.php?rest_route=\/wp\/v2\/posts\/14996"}],"collection":[{"href":"https:\/\/archive.sana.sy\/es\/index.php?rest_route=\/wp\/v2\/posts"}],"about":[{"href":"https:\/\/archive.sana.sy\/es\/index.php?rest_route=\/wp\/v2\/types\/post"}],"author":[{"embeddable":true,"href":"https:\/\/archive.sana.sy\/es\/index.php?rest_route=\/wp\/v2\/users\/24"}],"replies":[{"embeddable":true,"href":"https:\/\/archive.sana.sy\/es\/index.php?rest_route=%2Fwp%2Fv2%2Fcomments&post=14996"}],"version-history":[{"count":0,"href":"https:\/\/archive.sana.sy\/es\/index.php?rest_route=\/wp\/v2\/posts\/14996\/revisions"}],"wp:featuredmedia":[{"embeddable":true,"href":"https:\/\/archive.sana.sy\/es\/index.php?rest_route=\/wp\/v2\/media\/14465"}],"wp:attachment":[{"href":"https:\/\/archive.sana.sy\/es\/index.php?rest_route=%2Fwp%2Fv2%2Fmedia&parent=14996"}],"wp:term":[{"taxonomy":"category","embeddable":true,"href":"https:\/\/archive.sana.sy\/es\/index.php?rest_route=%2Fwp%2Fv2%2Fcategories&post=14996"},{"taxonomy":"post_tag","embeddable":true,"href":"https:\/\/archive.sana.sy\/es\/index.php?rest_route=%2Fwp%2Fv2%2Ftags&post=14996"}],"curies":[{"name":"wp","href":"https:\/\/api.w.org\/{rel}","templated":true}]}}