{"id":150048,"date":"2020-08-20T12:47:24","date_gmt":"2020-08-20T09:47:24","guid":{"rendered":"http:\/\/sana.sy\/es\/?p=150048"},"modified":"2020-08-20T13:29:09","modified_gmt":"2020-08-20T10:29:09","slug":"comienza-en-alepo-la-tercera-reunion-de-tribus-y-clanes-de-siria-el-evento-expreso-el-rechazo-a-la-ocupacion-estadounidense-y-turca-y-sus-herramientas-asi-como-reafirmo-la-unidad-nacional-y-el-apoyo","status":"publish","type":"post","link":"https:\/\/archive.sana.sy\/es\/?p=150048","title":{"rendered":"Comienza en Alepo la tercera Reuni\u00f3n de Tribus y Clanes de Siria. El evento expres\u00f3 el rechazo a la ocupaci\u00f3n estadounidense y turca y sus herramientas, as\u00ed como reafirm\u00f3 la unidad nacional y el apoyo al Ej\u00e9rcito \u00c1rabe Sirio en su lucha contra el terrorismo y la ocupaci\u00f3n."},"content":{"rendered":"","protected":false},"excerpt":{"rendered":"","protected":false},"author":34,"featured_media":0,"comment_status":"closed","ping_status":"closed","sticky":false,"template":"","format":"standard","meta":{"footnotes":""},"categories":[1],"tags":[],"class_list":["post-150048","post","type-post","status-publish","format-standard","","category-news-not-sorted"],"_links":{"self":[{"href":"https:\/\/archive.sana.sy\/es\/index.php?rest_route=\/wp\/v2\/posts\/150048"}],"collection":[{"href":"https:\/\/archive.sana.sy\/es\/index.php?rest_route=\/wp\/v2\/posts"}],"about":[{"href":"https:\/\/archive.sana.sy\/es\/index.php?rest_route=\/wp\/v2\/types\/post"}],"author":[{"embeddable":true,"href":"https:\/\/archive.sana.sy\/es\/index.php?rest_route=\/wp\/v2\/users\/34"}],"replies":[{"embeddable":true,"href":"https:\/\/archive.sana.sy\/es\/index.php?rest_route=%2Fwp%2Fv2%2Fcomments&post=150048"}],"version-history":[{"count":0,"href":"https:\/\/archive.sana.sy\/es\/index.php?rest_route=\/wp\/v2\/posts\/150048\/revisions"}],"wp:attachment":[{"href":"https:\/\/archive.sana.sy\/es\/index.php?rest_route=%2Fwp%2Fv2%2Fmedia&parent=150048"}],"wp:term":[{"taxonomy":"category","embeddable":true,"href":"https:\/\/archive.sana.sy\/es\/index.php?rest_route=%2Fwp%2Fv2%2Fcategories&post=150048"},{"taxonomy":"post_tag","embeddable":true,"href":"https:\/\/archive.sana.sy\/es\/index.php?rest_route=%2Fwp%2Fv2%2Ftags&post=150048"}],"curies":[{"name":"wp","href":"https:\/\/api.w.org\/{rel}","templated":true}]}}