{"id":150050,"date":"2020-08-20T12:51:38","date_gmt":"2020-08-20T09:51:38","guid":{"rendered":"http:\/\/sana.sy\/es\/?p=150050"},"modified":"2020-08-20T21:25:33","modified_gmt":"2020-08-20T18:25:33","slug":"arranca-en-alepo-la-tercera-reunion-de-tribus-y-clanes-de-siria","status":"publish","type":"post","link":"https:\/\/archive.sana.sy\/es\/?p=150050","title":{"rendered":"Tribus y clanes de Siria llaman a la resistencia hasta expulsar al ocupante y sus mercenarios"},"content":{"rendered":"<p style=\"text-align: justify;\"><span style=\"color: #800000;\"><strong>Alepo, SANA<\/strong><\/span><\/p>\n<p style=\"text-align: justify;\">La declaraci\u00f3n final del III Encuentro de Tribus, Clanes y Patri\u00f3ticos que se desarroll\u00f3 en Alepo acord\u00f3 apoyar la intifada y la resistencia popular comenzada en Deir Ezzor y otras regiones sirias contra el ocupante y sus colaboradores, y darle respaldo moral y material hasta la expulsi\u00f3n del ocupante del territorio sirio.<\/p>\n<p style=\"text-align: justify;\">Los participantes expresaron su rechazo a cualquier presencia militar ileg\u00edtima en territorio sirio y combatir a los ocupantes en el norte y la Yasira por todos los medios leg\u00edtimos y disponibles hasta que salga el \u00faltimo soldado ocupante de Siria.<\/p>\n<p style=\"text-align: justify;\">La nota ratific\u00f3 el apego a las constantes nacionales inalienables por muy que sean los sacrificios, y que la Rep\u00fablica \u00c1rabe Siria es una unidad como territorio y demograf\u00eda bajo la bandera nacional y el liderazgo del presidente Bashar al-Assad.<\/p>\n<p style=\"text-align: justify;\">&#8220;El enemigo turco ocup\u00f3 partes del territorio sirio en el norte y la Yasira, y es un enemigo terrorista que apoya el terrorismo al que combate el ej\u00e9rcito sirio&#8221;, recalc\u00f3.<\/p>\n<p style=\"text-align: justify;\">La declaraci\u00f3n puso \u00e9nfasis en que los recursos naturales y econ\u00f3micos son propiedad de todo el pueblo sirio y ning\u00fan sector tiene el derecho de manejarlos ni tampoco manejar el territorio o formular contratos relacionados.<\/p>\n<p style=\"text-align: justify;\">Llam\u00f3 a la comunidad internacional a presionar al Occidente inicuo para levantar las sanciones econ\u00f3micas injustas impuestas al pueblo sirio y que contribuyen a aumentar sus sufrimientos en todos los aspectos, sobre todo en lo relacionado a las necesidades humanitarias b\u00e1sicas.<\/p>\n<p style=\"text-align: justify;\"><span style=\"color: #0000ff;\"><strong>\u00a0R.Sh\/ F.M\/ E.D<\/strong><\/span><\/p>\n<div id='gallery-1' class='gallery galleryid-150050 gallery-columns-1 gallery-size-full'><figure class='gallery-item'>\n\t\t\t<div class='gallery-icon landscape'>\n\t\t\t\t<a href='https:\/\/archive.sana.sy\/es\/wp-content\/uploads\/2020\/08\/1-13.jpg'><img loading=\"lazy\" decoding=\"async\" width=\"660\" height=\"355\" src=\"https:\/\/archive.sana.sy\/es\/wp-content\/uploads\/2020\/08\/1-13.jpg\" class=\"attachment-full size-full\" alt=\"\" srcset=\"https:\/\/archive.sana.sy\/es\/wp-content\/uploads\/2020\/08\/1-13.jpg 660w, https:\/\/archive.sana.sy\/es\/wp-content\/uploads\/2020\/08\/1-13-300x161.jpg 300w, https:\/\/archive.sana.sy\/es\/wp-content\/uploads\/2020\/08\/1-13-150x81.jpg 150w\" sizes=\"(max-width: 660px) 100vw, 660px\" \/><\/a>\n\t\t\t<\/div><\/figure><figure class='gallery-item'>\n\t\t\t<div class='gallery-icon landscape'>\n\t\t\t\t<a href='https:\/\/archive.sana.sy\/es\/wp-content\/uploads\/2020\/08\/2-10.jpg'><img loading=\"lazy\" decoding=\"async\" width=\"660\" height=\"370\" src=\"https:\/\/archive.sana.sy\/es\/wp-content\/uploads\/2020\/08\/2-10.jpg\" class=\"attachment-full size-full\" alt=\"\" srcset=\"https:\/\/archive.sana.sy\/es\/wp-content\/uploads\/2020\/08\/2-10.jpg 660w, https:\/\/archive.sana.sy\/es\/wp-content\/uploads\/2020\/08\/2-10-300x168.jpg 300w, https:\/\/archive.sana.sy\/es\/wp-content\/uploads\/2020\/08\/2-10-150x84.jpg 150w\" sizes=\"(max-width: 660px) 100vw, 660px\" \/><\/a>\n\t\t\t<\/div><\/figure><figure class='gallery-item'>\n\t\t\t<div class='gallery-icon landscape'>\n\t\t\t\t<a href='https:\/\/archive.sana.sy\/es\/wp-content\/uploads\/2020\/08\/7-98.jpg'><img loading=\"lazy\" decoding=\"async\" width=\"660\" height=\"371\" src=\"https:\/\/archive.sana.sy\/es\/wp-content\/uploads\/2020\/08\/7-98.jpg\" class=\"attachment-full size-full\" alt=\"\" srcset=\"https:\/\/archive.sana.sy\/es\/wp-content\/uploads\/2020\/08\/7-98.jpg 660w, https:\/\/archive.sana.sy\/es\/wp-content\/uploads\/2020\/08\/7-98-300x169.jpg 300w, https:\/\/archive.sana.sy\/es\/wp-content\/uploads\/2020\/08\/7-98-150x84.jpg 150w\" sizes=\"(max-width: 660px) 100vw, 660px\" \/><\/a>\n\t\t\t<\/div><\/figure><figure class='gallery-item'>\n\t\t\t<div class='gallery-icon landscape'>\n\t\t\t\t<a href='https:\/\/archive.sana.sy\/es\/wp-content\/uploads\/2020\/08\/8-104.jpg'><img loading=\"lazy\" decoding=\"async\" width=\"660\" height=\"397\" src=\"https:\/\/archive.sana.sy\/es\/wp-content\/uploads\/2020\/08\/8-104.jpg\" class=\"attachment-full size-full\" alt=\"\" srcset=\"https:\/\/archive.sana.sy\/es\/wp-content\/uploads\/2020\/08\/8-104.jpg 660w, https:\/\/archive.sana.sy\/es\/wp-content\/uploads\/2020\/08\/8-104-300x180.jpg 300w, https:\/\/archive.sana.sy\/es\/wp-content\/uploads\/2020\/08\/8-104-150x90.jpg 150w\" sizes=\"(max-width: 660px) 100vw, 660px\" \/><\/a>\n\t\t\t<\/div><\/figure><figure class='gallery-item'>\n\t\t\t<div class='gallery-icon landscape'>\n\t\t\t\t<a href='https:\/\/archive.sana.sy\/es\/wp-content\/uploads\/2020\/08\/9-86.jpg'><img loading=\"lazy\" decoding=\"async\" width=\"660\" height=\"398\" src=\"https:\/\/archive.sana.sy\/es\/wp-content\/uploads\/2020\/08\/9-86.jpg\" class=\"attachment-full size-full\" alt=\"\" srcset=\"https:\/\/archive.sana.sy\/es\/wp-content\/uploads\/2020\/08\/9-86.jpg 660w, https:\/\/archive.sana.sy\/es\/wp-content\/uploads\/2020\/08\/9-86-300x181.jpg 300w, https:\/\/archive.sana.sy\/es\/wp-content\/uploads\/2020\/08\/9-86-150x90.jpg 150w\" sizes=\"(max-width: 660px) 100vw, 660px\" \/><\/a>\n\t\t\t<\/div><\/figure>\n\t\t<\/div>\n\n","protected":false},"excerpt":{"rendered":"<p>Alepo, SANA La declaraci\u00f3n final del III Encuentro de Tribus, Clanes y Patri\u00f3ticos que se desarroll\u00f3 en Alepo acord\u00f3 apoyar la intifada y la resistencia popular comenzada en Deir Ezzor y otras regiones sirias contra el ocupante y sus colaboradores, y darle respaldo moral y material hasta la expulsi\u00f3n del ocupante del territorio sirio. Los &hellip;<\/p>\n","protected":false},"author":32,"featured_media":150051,"comment_status":"closed","ping_status":"closed","sticky":false,"template":"","format":"standard","meta":{"footnotes":""},"categories":[597,476,457,583],"tags":[18208],"class_list":["post-150050","post","type-post","status-publish","format-standard","has-post-thumbnail","","category-cinta-de-noticias","category-locales","category-noticias-arabe-internacional-politica","category-slide","tag-tribus-y-clanes-de-siria-llaman-a-la-resistencia-hasta-expulsar-al-ocupante-y-sus-mercenarios"],"_links":{"self":[{"href":"https:\/\/archive.sana.sy\/es\/index.php?rest_route=\/wp\/v2\/posts\/150050"}],"collection":[{"href":"https:\/\/archive.sana.sy\/es\/index.php?rest_route=\/wp\/v2\/posts"}],"about":[{"href":"https:\/\/archive.sana.sy\/es\/index.php?rest_route=\/wp\/v2\/types\/post"}],"author":[{"embeddable":true,"href":"https:\/\/archive.sana.sy\/es\/index.php?rest_route=\/wp\/v2\/users\/32"}],"replies":[{"embeddable":true,"href":"https:\/\/archive.sana.sy\/es\/index.php?rest_route=%2Fwp%2Fv2%2Fcomments&post=150050"}],"version-history":[{"count":0,"href":"https:\/\/archive.sana.sy\/es\/index.php?rest_route=\/wp\/v2\/posts\/150050\/revisions"}],"wp:featuredmedia":[{"embeddable":true,"href":"https:\/\/archive.sana.sy\/es\/index.php?rest_route=\/wp\/v2\/media\/150051"}],"wp:attachment":[{"href":"https:\/\/archive.sana.sy\/es\/index.php?rest_route=%2Fwp%2Fv2%2Fmedia&parent=150050"}],"wp:term":[{"taxonomy":"category","embeddable":true,"href":"https:\/\/archive.sana.sy\/es\/index.php?rest_route=%2Fwp%2Fv2%2Fcategories&post=150050"},{"taxonomy":"post_tag","embeddable":true,"href":"https:\/\/archive.sana.sy\/es\/index.php?rest_route=%2Fwp%2Fv2%2Ftags&post=150050"}],"curies":[{"name":"wp","href":"https:\/\/api.w.org\/{rel}","templated":true}]}}