{"id":150062,"date":"2020-08-20T13:58:57","date_gmt":"2020-08-20T10:58:57","guid":{"rendered":"http:\/\/sana.sy\/es\/?p=150062"},"modified":"2020-08-20T14:27:23","modified_gmt":"2020-08-20T11:27:23","slug":"la-ocupacion-turca-y-sus-mercenarios-cortan-el-agua-potable-a-hassaka","status":"publish","type":"post","link":"https:\/\/archive.sana.sy\/es\/?p=150062","title":{"rendered":"La ocupaci\u00f3n turca y sus mercenarios cortan el agua potable a Hassaka"},"content":{"rendered":"<p style=\"font-weight: 400; text-align: justify;\"><strong><span style=\"color: #800000;\">Hassaka, SANA<\/span><\/strong><\/p>\n<p style=\"font-weight: 400; text-align: justify;\">La ocupaci\u00f3n turca y sus mercenarios presentes en el campo de la ciudad de Ras al-Ain contin\u00faan paralizando el funcionamiento del proyecto de Aluk cortando as\u00ed el agua potable a la ciudad de Hassaka por octavo d\u00eda consecutivo, lo que amenaza con la sed a un mill\u00f3n de ciudadanos a la sombra de la fuerte propagaci\u00f3n del nuevo coronavirus.<\/p>\n<p style=\"text-align: justify;\">En una declaraci\u00f3n al corresponsal de SANA, el director del Establecimiento de Agua en Hassaka, Ing. Mahmoud al-Oklah, dijo que los esfuerzos por poner en funcionamiento a la planta de agua de Aluk no han tenido \u00e9xito hasta el momento, mientras contin\u00faa el sufrimiento de la poblaci\u00f3n a la sombra de las altas temperaturas y el incremento de la demanda por el agua, sobre todo que actualmente no hay otra alternativa.<\/p>\n<p style=\"text-align: justify;\">&#8220;Actualmente se lleva agua potable a la poblaci\u00f3n por medio de cisternas del estado y de las ONG desde los manantiales cercanos como Nafasha, Tel Brak y Himma, puesto que el agua de los pozos excavados por la poblaci\u00f3n local no es apta para el consumo humano sino para el uso dom\u00e9stico solamente&#8221;, agreg\u00f3.<\/p>\n<p style=\"text-align: justify;\">El Ing. Al-Oklah subray\u00f3 que la \u00fanica soluci\u00f3n a la situaci\u00f3n h\u00eddrica en Hassaka es sacar al ocupante turco de la planta de Aluk y entregarla completamente a los trabajadores de la instituci\u00f3n, puesto que las otras soluciones son temporales y si persiste el problema amenazar\u00eda la vida de un mill\u00f3n de \u00e1nimas.<\/p>\n<p style=\"text-align: justify;\">El corte de agua y la extorsi\u00f3n aplicada por el ocupante turco en la regi\u00f3n se considera un crimen de lesa humanidad contra un mill\u00f3n de personas que viven a lo largo del acueducto que se extiende desde Aluk hasta Hassakah y sus municipios.<\/p>\n<p style=\"text-align: justify;\">El ge\u00f3logo Aziz Mija\u00edl, especialista h\u00eddrico, afirm\u00f3 que la planta de Aluk actualmente es imprescindible y hay que volver a operarla y alejar al ocupante turco, dado que la realizaci\u00f3n de proyectos alternativos tomar\u00eda tiempo.<\/p>\n<p style=\"text-align: justify;\">Mija\u00edl destac\u00f3 la necesidad de efectuar proyectos a la sombra de la arbitrariedad del ocupante turco, sugiriendo la excavaci\u00f3n de 10 pozos en la zona de Tel Khalid en el municipio de Amuda, y tambi\u00e9n se podr\u00eda potabilizar las aguas de la presa al-Basil mediante la creaci\u00f3n de dos plantas: una para la descontaminaci\u00f3n y otra para la potabilizaci\u00f3n.<\/p>\n<p style=\"text-align: justify;\"><strong><span style=\"color: #0000ff;\">R.Sh\/ E.D<\/span><\/strong><\/p>\n","protected":false},"excerpt":{"rendered":"<p>Hassaka, SANA La ocupaci\u00f3n turca y sus mercenarios presentes en el campo de la ciudad de Ras al-Ain contin\u00faan paralizando el funcionamiento del proyecto de Aluk cortando as\u00ed el agua potable a la ciudad de Hassaka por octavo d\u00eda consecutivo, lo que amenaza con la sed a un mill\u00f3n de ciudadanos a la sombra de &hellip;<\/p>\n","protected":false},"author":32,"featured_media":150063,"comment_status":"closed","ping_status":"closed","sticky":false,"template":"","format":"standard","meta":{"footnotes":""},"categories":[477,597,476,457,7541],"tags":[],"class_list":["post-150062","post","type-post","status-publish","format-standard","has-post-thumbnail","","category-noticias-edulcorantes","category-cinta-de-noticias","category-locales","category-noticias-arabe-internacional-politica","category-ultimas-noticias"],"_links":{"self":[{"href":"https:\/\/archive.sana.sy\/es\/index.php?rest_route=\/wp\/v2\/posts\/150062"}],"collection":[{"href":"https:\/\/archive.sana.sy\/es\/index.php?rest_route=\/wp\/v2\/posts"}],"about":[{"href":"https:\/\/archive.sana.sy\/es\/index.php?rest_route=\/wp\/v2\/types\/post"}],"author":[{"embeddable":true,"href":"https:\/\/archive.sana.sy\/es\/index.php?rest_route=\/wp\/v2\/users\/32"}],"replies":[{"embeddable":true,"href":"https:\/\/archive.sana.sy\/es\/index.php?rest_route=%2Fwp%2Fv2%2Fcomments&post=150062"}],"version-history":[{"count":0,"href":"https:\/\/archive.sana.sy\/es\/index.php?rest_route=\/wp\/v2\/posts\/150062\/revisions"}],"wp:featuredmedia":[{"embeddable":true,"href":"https:\/\/archive.sana.sy\/es\/index.php?rest_route=\/wp\/v2\/media\/150063"}],"wp:attachment":[{"href":"https:\/\/archive.sana.sy\/es\/index.php?rest_route=%2Fwp%2Fv2%2Fmedia&parent=150062"}],"wp:term":[{"taxonomy":"category","embeddable":true,"href":"https:\/\/archive.sana.sy\/es\/index.php?rest_route=%2Fwp%2Fv2%2Fcategories&post=150062"},{"taxonomy":"post_tag","embeddable":true,"href":"https:\/\/archive.sana.sy\/es\/index.php?rest_route=%2Fwp%2Fv2%2Ftags&post=150062"}],"curies":[{"name":"wp","href":"https:\/\/api.w.org\/{rel}","templated":true}]}}