{"id":150079,"date":"2020-08-20T19:36:42","date_gmt":"2020-08-20T16:36:42","guid":{"rendered":"http:\/\/sana.sy\/es\/?p=150079"},"modified":"2023-01-12T14:43:29","modified_gmt":"2023-01-12T12:43:29","slug":"150079","status":"publish","type":"post","link":"https:\/\/archive.sana.sy\/es\/?p=150079","title":{"rendered":"Aviones b\u00e9licos israel\u00edes violan espacio a\u00e9reo de El L\u00edbano"},"content":{"rendered":"<p style=\"text-align: justify\">Beirut, SANA<\/p>\n<p style=\"text-align: justify\">Aviones de combate y un Dron del enemigo israel\u00ed violaron hoy nuevamente el espacio a\u00e9reo liban\u00e9s.<\/p>\n<p style=\"text-align: justify\">La Direcci\u00f3n de Orientaci\u00f3n dijo en un comunicado que aviones de combate y no tripulados israel\u00edes hostiles violaron el espacio a\u00e9reo liban\u00e9s y realizaron vuelos circulares por encima de las zonas de Hasbeya, Arqub, Rashiya y el valle de Biqaa.<\/p>\n<p style=\"text-align: justify\">Agreg\u00f3 que un Dron del enemigo israel\u00ed sobrevol\u00f3 el espacio a\u00e9reo del poblado de Mais Yabal por un periodo de 15 minutos.<\/p>\n<p style=\"text-align: justify\">El comunicado afirm\u00f3 que todos los aviones israel\u00edes abandonaron el espacio a\u00e9reo liban\u00e9s y se dirigieron hacia los territorios ocupados.<\/p>\n<p style=\"text-align: justify\">Y.K.<\/p>\n","protected":false},"excerpt":{"rendered":"<p>Beirut, SANA Aviones de combate y un Dron del enemigo israel\u00ed violaron hoy nuevamente el espacio a\u00e9reo liban\u00e9s. La Direcci\u00f3n de Orientaci\u00f3n dijo en un comunicado que aviones de combate y no tripulados israel\u00edes hostiles violaron el espacio a\u00e9reo liban\u00e9s y realizaron vuelos circulares por encima de las zonas de Hasbeya, Arqub, Rashiya y el &hellip;<\/p>\n","protected":false},"author":1,"featured_media":150080,"comment_status":"closed","ping_status":"closed","sticky":false,"template":"","format":"standard","meta":{"footnotes":""},"categories":[456],"tags":[],"class_list":["post-150079","post","type-post","status-publish","format-standard","has-post-thumbnail","","category-arabe-internacional-politica"],"_links":{"self":[{"href":"https:\/\/archive.sana.sy\/es\/index.php?rest_route=\/wp\/v2\/posts\/150079"}],"collection":[{"href":"https:\/\/archive.sana.sy\/es\/index.php?rest_route=\/wp\/v2\/posts"}],"about":[{"href":"https:\/\/archive.sana.sy\/es\/index.php?rest_route=\/wp\/v2\/types\/post"}],"author":[{"embeddable":true,"href":"https:\/\/archive.sana.sy\/es\/index.php?rest_route=\/wp\/v2\/users\/1"}],"replies":[{"embeddable":true,"href":"https:\/\/archive.sana.sy\/es\/index.php?rest_route=%2Fwp%2Fv2%2Fcomments&post=150079"}],"version-history":[{"count":0,"href":"https:\/\/archive.sana.sy\/es\/index.php?rest_route=\/wp\/v2\/posts\/150079\/revisions"}],"wp:featuredmedia":[{"embeddable":true,"href":"https:\/\/archive.sana.sy\/es\/index.php?rest_route=\/wp\/v2\/media\/150080"}],"wp:attachment":[{"href":"https:\/\/archive.sana.sy\/es\/index.php?rest_route=%2Fwp%2Fv2%2Fmedia&parent=150079"}],"wp:term":[{"taxonomy":"category","embeddable":true,"href":"https:\/\/archive.sana.sy\/es\/index.php?rest_route=%2Fwp%2Fv2%2Fcategories&post=150079"},{"taxonomy":"post_tag","embeddable":true,"href":"https:\/\/archive.sana.sy\/es\/index.php?rest_route=%2Fwp%2Fv2%2Ftags&post=150079"}],"curies":[{"name":"wp","href":"https:\/\/api.w.org\/{rel}","templated":true}]}}