{"id":15034,"date":"2014-12-26T17:46:34","date_gmt":"2014-12-26T15:46:34","guid":{"rendered":"http:\/\/www.sana.sy\/es\/?p=15034"},"modified":"2014-12-26T17:46:34","modified_gmt":"2014-12-26T15:46:34","slug":"demirtas-la-postura-del-gobierno-turco-ayudo-en-el-crecimiento-de-daesh","status":"publish","type":"post","link":"https:\/\/archive.sana.sy\/es\/?p=15034","title":{"rendered":"Demirtas: \u201cla postura del Gobierno turco ayud\u00f3 en el crecimiento de DAESH\u201d"},"content":{"rendered":"<p style=\"text-align: justify\"><span style=\"color: #800000\">Mosc\u00fa, SANA<\/span><\/p>\n<p style=\"text-align: justify\">El l\u00edder del Partido Democr\u00e1tico Popular (HDP), miembro del Parlamento de Turqu\u00eda, Selahattin Demirtas, dijo que el partido se opone firmemente a la injerencia externa en los asuntos internos de Siria.<\/p>\n<p style=\"text-align: justify\">En una entrevista concedida al corresponsal de SANA en Mosc\u00fa, Demirtas critic\u00f3 al gobierno del Partido Justicia y Desarrollo turco (AKP), bajo la presidencia de Recep Tayyip Erdogan, por no tener suficientes medidas adoptadas para impedir el paso de los miembros de las organizaciones terroristas a Siria a trav\u00e9s de la frontera con Turqu\u00eda.<\/p>\n<p style=\"text-align: justify\"><a href=\"http:\/\/www.sana.sy\/es\/wp-content\/uploads\/2014\/12\/113.jpg\"><img loading=\"lazy\" decoding=\"async\" class=\" size-medium wp-image-15036 alignleft\" src=\"http:\/\/www.sana.sy\/es\/wp-content\/uploads\/2014\/12\/113-300x174.jpg\" alt=\"1\" width=\"300\" height=\"174\" srcset=\"https:\/\/archive.sana.sy\/es\/wp-content\/uploads\/2014\/12\/113-300x174.jpg 300w, https:\/\/archive.sana.sy\/es\/wp-content\/uploads\/2014\/12\/113-150x87.jpg 150w, https:\/\/archive.sana.sy\/es\/wp-content\/uploads\/2014\/12\/113.jpg 349w\" sizes=\"(max-width: 300px) 100vw, 300px\" \/><\/a><\/p>\n<p style=\"text-align: justify\">\u201cLa organizaci\u00f3n terrorista del Estado Isl\u00e1mico de Irak y Siria (DAESH) no habr\u00eda crecido su poder en Siria y la regi\u00f3n, si no fuera por lo postura del gobierno del AKP\u201d, agreg\u00f3.<\/p>\n<p style=\"text-align: justify\">Demirtas tambi\u00e9n dijo que el gobierno turco hasta ahora no se ha llevado a cabo con sinceridad en el proceso de combatir el terrorismo, en particular contra DAESH, haciendo hincapi\u00e9 en que su partido continuar\u00e1 criticando al gobierno por sus posturas que apoyan a las organizaciones terroristas con el fin de detener tal fen\u00f3meno.<\/p>\n<p style=\"text-align: justify\">Asimismo glorific\u00f3 los &#8220;sacrificios&#8221; realizados por la gente de la ciudad de Ein al-\u00c1rabe Siria en la frontera norte con Turqu\u00eda en el curso de su resistencia contra los ataques de DAESH, que llevan meses tratando de apoderarse de la Ciudad.<\/p>\n<p style=\"text-align: justify\"><a href=\"http:\/\/www.sana.sy\/es\/wp-content\/uploads\/2014\/12\/26.jpg\"><img loading=\"lazy\" decoding=\"async\" class=\" size-medium wp-image-15037 alignleft\" src=\"http:\/\/www.sana.sy\/es\/wp-content\/uploads\/2014\/12\/26-300x176.jpg\" alt=\"2\" width=\"300\" height=\"176\" srcset=\"https:\/\/archive.sana.sy\/es\/wp-content\/uploads\/2014\/12\/26-300x176.jpg 300w, https:\/\/archive.sana.sy\/es\/wp-content\/uploads\/2014\/12\/26-150x88.jpg 150w, https:\/\/archive.sana.sy\/es\/wp-content\/uploads\/2014\/12\/26.jpg 346w\" sizes=\"(max-width: 300px) 100vw, 300px\" \/><\/a><\/p>\n<p style=\"text-align: justify\">&#8220;Vemos que esta lucha es una gran parte de los esfuerzos que buscan preservar la independencia y la integridad territorial de Siria&#8221;, dijo Demirtas, exigiendo a la comunidad internacional para ayudar a Siria contra el terrorismo.<\/p>\n<p style=\"text-align: justify\">El parlamentario turco, quien se encuentra de visita a Rusia por invitaci\u00f3n de una organizaci\u00f3n social rusa, se reuni\u00f3 con el representante especial del presidente ruso para Oriente Medio y Asuntos de \u00c1frica del Norte, el vicecanciller Mikhail Bogdanov en Mosc\u00fa, seg\u00fan un comunicado del ministerio de Relaciones Exteriores de Rusia publicado hoy.<\/p>\n<p style=\"text-align: justify\">Seg\u00fan el comunicado, ambas partes intercambiaron puntos de vista sobre la situaci\u00f3n en la regi\u00f3n de Oriente Medio y Siria, en particular a la luz de los esfuerzos para hacer frente a la amenaza terrorista planteada por DAESH.<\/p>\n<p style=\"text-align: justify\"><a href=\"http:\/\/www.sana.sy\/es\/wp-content\/uploads\/2014\/12\/35.jpg\"><img loading=\"lazy\" decoding=\"async\" class=\"alignnone  wp-image-15038\" src=\"http:\/\/www.sana.sy\/es\/wp-content\/uploads\/2014\/12\/35-300x197.jpg\" alt=\"3\" width=\"272\" height=\"179\" srcset=\"https:\/\/archive.sana.sy\/es\/wp-content\/uploads\/2014\/12\/35-300x197.jpg 300w, https:\/\/archive.sana.sy\/es\/wp-content\/uploads\/2014\/12\/35-150x99.jpg 150w, https:\/\/archive.sana.sy\/es\/wp-content\/uploads\/2014\/12\/35.jpg 309w\" sizes=\"(max-width: 272px) 100vw, 272px\" \/><\/a>\u00a0<a href=\"http:\/\/www.sana.sy\/es\/wp-content\/uploads\/2014\/12\/42.jpg\"><img loading=\"lazy\" decoding=\"async\" class=\"  wp-image-15039 alignright\" src=\"http:\/\/www.sana.sy\/es\/wp-content\/uploads\/2014\/12\/42-300x167.jpg\" alt=\"4\" width=\"309\" height=\"172\" srcset=\"https:\/\/archive.sana.sy\/es\/wp-content\/uploads\/2014\/12\/42-300x167.jpg 300w, https:\/\/archive.sana.sy\/es\/wp-content\/uploads\/2014\/12\/42-150x84.jpg 150w, https:\/\/archive.sana.sy\/es\/wp-content\/uploads\/2014\/12\/42.jpg 364w\" sizes=\"(max-width: 309px) 100vw, 309px\" \/><\/a><\/p>\n<p style=\"text-align: justify\"><a href=\"http:\/\/www.sana.sy\/es\/wp-content\/uploads\/2014\/12\/52.jpg\"><img loading=\"lazy\" decoding=\"async\" class=\" size-medium wp-image-15040 aligncenter\" src=\"http:\/\/www.sana.sy\/es\/wp-content\/uploads\/2014\/12\/52-300x178.jpg\" alt=\"5\" width=\"300\" height=\"178\" srcset=\"https:\/\/archive.sana.sy\/es\/wp-content\/uploads\/2014\/12\/52-300x178.jpg 300w, https:\/\/archive.sana.sy\/es\/wp-content\/uploads\/2014\/12\/52-150x89.jpg 150w, https:\/\/archive.sana.sy\/es\/wp-content\/uploads\/2014\/12\/52.jpg 343w\" sizes=\"(max-width: 300px) 100vw, 300px\" \/><\/a><\/p>\n<p style=\"text-align: justify\"><span style=\"color: #0000ff\">Ghifar Al Ali<\/span><\/p>\n","protected":false},"excerpt":{"rendered":"<p>Mosc\u00fa, SANA El l\u00edder del Partido Democr\u00e1tico Popular (HDP), miembro del Parlamento de Turqu\u00eda, Selahattin Demirtas, dijo que el partido se opone firmemente a la injerencia externa en los asuntos internos de Siria. En una entrevista concedida al corresponsal de SANA en Mosc\u00fa, Demirtas critic\u00f3 al gobierno del Partido Justicia y Desarrollo turco (AKP), bajo &hellip;<\/p>\n","protected":false},"author":1,"featured_media":15035,"comment_status":"closed","ping_status":"closed","sticky":false,"template":"","format":"standard","meta":{"footnotes":""},"categories":[597],"tags":[3427],"class_list":["post-15034","post","type-post","status-publish","format-standard","has-post-thumbnail","","category-cinta-de-noticias","tag-demirtas-la-postura-del-gobierno-turco-ayudo-en-el-crecimiento-de-daesh"],"_links":{"self":[{"href":"https:\/\/archive.sana.sy\/es\/index.php?rest_route=\/wp\/v2\/posts\/15034"}],"collection":[{"href":"https:\/\/archive.sana.sy\/es\/index.php?rest_route=\/wp\/v2\/posts"}],"about":[{"href":"https:\/\/archive.sana.sy\/es\/index.php?rest_route=\/wp\/v2\/types\/post"}],"author":[{"embeddable":true,"href":"https:\/\/archive.sana.sy\/es\/index.php?rest_route=\/wp\/v2\/users\/1"}],"replies":[{"embeddable":true,"href":"https:\/\/archive.sana.sy\/es\/index.php?rest_route=%2Fwp%2Fv2%2Fcomments&post=15034"}],"version-history":[{"count":0,"href":"https:\/\/archive.sana.sy\/es\/index.php?rest_route=\/wp\/v2\/posts\/15034\/revisions"}],"wp:featuredmedia":[{"embeddable":true,"href":"https:\/\/archive.sana.sy\/es\/index.php?rest_route=\/wp\/v2\/media\/15035"}],"wp:attachment":[{"href":"https:\/\/archive.sana.sy\/es\/index.php?rest_route=%2Fwp%2Fv2%2Fmedia&parent=15034"}],"wp:term":[{"taxonomy":"category","embeddable":true,"href":"https:\/\/archive.sana.sy\/es\/index.php?rest_route=%2Fwp%2Fv2%2Fcategories&post=15034"},{"taxonomy":"post_tag","embeddable":true,"href":"https:\/\/archive.sana.sy\/es\/index.php?rest_route=%2Fwp%2Fv2%2Ftags&post=15034"}],"curies":[{"name":"wp","href":"https:\/\/api.w.org\/{rel}","templated":true}]}}