{"id":150427,"date":"2020-08-24T16:01:29","date_gmt":"2020-08-24T13:01:29","guid":{"rendered":"http:\/\/sana.sy\/es\/?p=150427"},"modified":"2020-08-24T16:45:14","modified_gmt":"2020-08-24T13:45:14","slug":"arranco-en-ginebra-tercera-ronda-de-reuniones-del-mini-comite-para-discusion-de-la-constitucion","status":"publish","type":"post","link":"https:\/\/archive.sana.sy\/es\/?p=150427","title":{"rendered":"Arranc\u00f3 en Ginebra tercera ronda de reuniones del Mini Comit\u00e9 para Discusi\u00f3n de la Constituci\u00f3n"},"content":{"rendered":"<p style=\"text-align: justify;\"><strong><span style=\"color: #800000;\">Ginebra, SANA<\/span><\/strong><\/p>\n<p style=\"text-align: justify;\">Comenz\u00f3 en la sede de las Naciones Unidas en Ginebra, la tercera ronda de reuniones del Mini Comit\u00e9 para Discusi\u00f3n de la Constituci\u00f3n, en la que participa una delegaci\u00f3n que representa al gobierno nacional.<\/p>\n<p style=\"text-align: justify;\">El enviado especial del secretario general de la ONU a Siria, Geir Pedersen, hab\u00eda anunciado que el 24 de agosto se celebrar\u00e1 la tercera ronda del Mini Comit\u00e9 y ser\u00e1 dirigida por los propios sirios.<\/p>\n<p style=\"text-align: justify;\">El Comit\u00e9 realiz\u00f3 dos rondas de reuniones en la sede de las Naciones Unidas en Ginebra durante el mes de noviembre del a\u00f1o pasado.<\/p>\n<p style=\"text-align: justify;\">El mismo consta de 45 miembros (15 representan la delegaci\u00f3n del gobierno nacional, 15 la delegaci\u00f3n del r\u00e9gimen turco y 15 miembros representan la sociedad civil).<\/p>\n<p style=\"text-align: justify;\">La delegaci\u00f3n nacional a las reuniones de la tercera ronda en Ginebra afirma la importancia de apego a la identidad nacional catalizadora del pueblo sirio, y consensuarla como principio patri\u00f3tico esencial que formar\u00eda una plataforma s\u00f3lida para la labor de la Comisi\u00f3n en las etapas ulteriores.<\/p>\n<p style=\"text-align: justify;\">La delegaci\u00f3n nacional elogia la identidad nacional colectiva es la v\u00eda para afianzar la pertenencia a la patria frente a las ideas y proyectos que constituyen una amenaza para su unidad e integridad territorial.<\/p>\n<p style=\"text-align: justify;\"><strong><span style=\"color: #0000ff;\">F.M\/ E.D<\/span><\/strong><\/p>\n","protected":false},"excerpt":{"rendered":"<p>Ginebra, SANA Comenz\u00f3 en la sede de las Naciones Unidas en Ginebra, la tercera ronda de reuniones del Mini Comit\u00e9 para Discusi\u00f3n de la Constituci\u00f3n, en la que participa una delegaci\u00f3n que representa al gobierno nacional. El enviado especial del secretario general de la ONU a Siria, Geir Pedersen, hab\u00eda anunciado que el 24 de &hellip;<\/p>\n","protected":false},"author":32,"featured_media":150428,"comment_status":"closed","ping_status":"closed","sticky":false,"template":"","format":"standard","meta":{"footnotes":""},"categories":[597],"tags":[],"class_list":["post-150427","post","type-post","status-publish","format-standard","has-post-thumbnail","","category-cinta-de-noticias"],"_links":{"self":[{"href":"https:\/\/archive.sana.sy\/es\/index.php?rest_route=\/wp\/v2\/posts\/150427"}],"collection":[{"href":"https:\/\/archive.sana.sy\/es\/index.php?rest_route=\/wp\/v2\/posts"}],"about":[{"href":"https:\/\/archive.sana.sy\/es\/index.php?rest_route=\/wp\/v2\/types\/post"}],"author":[{"embeddable":true,"href":"https:\/\/archive.sana.sy\/es\/index.php?rest_route=\/wp\/v2\/users\/32"}],"replies":[{"embeddable":true,"href":"https:\/\/archive.sana.sy\/es\/index.php?rest_route=%2Fwp%2Fv2%2Fcomments&post=150427"}],"version-history":[{"count":0,"href":"https:\/\/archive.sana.sy\/es\/index.php?rest_route=\/wp\/v2\/posts\/150427\/revisions"}],"wp:featuredmedia":[{"embeddable":true,"href":"https:\/\/archive.sana.sy\/es\/index.php?rest_route=\/wp\/v2\/media\/150428"}],"wp:attachment":[{"href":"https:\/\/archive.sana.sy\/es\/index.php?rest_route=%2Fwp%2Fv2%2Fmedia&parent=150427"}],"wp:term":[{"taxonomy":"category","embeddable":true,"href":"https:\/\/archive.sana.sy\/es\/index.php?rest_route=%2Fwp%2Fv2%2Fcategories&post=150427"},{"taxonomy":"post_tag","embeddable":true,"href":"https:\/\/archive.sana.sy\/es\/index.php?rest_route=%2Fwp%2Fv2%2Ftags&post=150427"}],"curies":[{"name":"wp","href":"https:\/\/api.w.org\/{rel}","templated":true}]}}