{"id":150455,"date":"2020-08-24T16:48:58","date_gmt":"2020-08-24T13:48:58","guid":{"rendered":"http:\/\/sana.sy\/es\/?p=150455"},"modified":"2020-08-24T19:10:12","modified_gmt":"2020-08-24T16:10:12","slug":"la-delegacion-nacional-afirma-la-importancia-de-apego-a-la-identidad-nacional-catalizadora-del-pueblo-sirio","status":"publish","type":"post","link":"https:\/\/archive.sana.sy\/es\/?p=150455","title":{"rendered":"Delegaci\u00f3n del gobierno al Mini Comit\u00e9 Constitucional afirma importancia de apego a la identidad nacional catalizadora"},"content":{"rendered":"<p style=\"text-align: justify;\"><span style=\"color: #800000;\"><strong>Ginebra, SANA<\/strong><\/span><\/p>\n<p style=\"text-align: justify;\">Comenz\u00f3 en la sede de las Naciones Unidas en Ginebra, la tercera ronda de reuniones del Mini Comit\u00e9 para Discusi\u00f3n de la Constituci\u00f3n, en la que participa una delegaci\u00f3n que representa al gobierno nacional.<\/p>\n<p style=\"text-align: justify;\">La delegaci\u00f3n del gobierno afirm\u00f3 la importancia del apego a la identidad nacional catalizadora del pueblo sirio y consensuarla como principio patri\u00f3tico esencial que podr\u00eda formar un terreno s\u00f3lido para el trabajo de la comisi\u00f3n en las etapas ulteriores.<\/p>\n<p style=\"text-align: justify;\">Subray\u00f3 que la identidad nacional catalizadora es la \u00fanica v\u00eda para afianzar la pertenencia a la patria frente a todas las ideas y proyectos que constituyen una amenaza para su unidad demogr\u00e1fica y territorial.<\/p>\n<p style=\"text-align: justify;\">El enviado especial del secretario general de la ONU a Siria, Geir Pedersen, hab\u00eda anunciado que el 24 de agosto se celebrar\u00e1 la tercera ronda del Mini Comit\u00e9 y ser\u00e1 dirigida por los propios sirios.<\/p>\n<p style=\"text-align: justify;\">El Comit\u00e9 realiz\u00f3 dos rondas de reuniones en la sede de las Naciones Unidas en Ginebra durante el mes de noviembre del a\u00f1o pasado.<\/p>\n<p style=\"text-align: justify;\">El mismo consta de 45 miembros (15 representan la delegaci\u00f3n del gobierno nacional, 15 la delegaci\u00f3n del r\u00e9gimen turco y 15 miembros representan la sociedad civil).<\/p>\n<p style=\"text-align: justify;\"><strong><span style=\"color: #0000ff;\">R.Sh\/ F.M.\/ E.D<\/span><\/strong><\/p>\n","protected":false},"excerpt":{"rendered":"<p>Ginebra, SANA Comenz\u00f3 en la sede de las Naciones Unidas en Ginebra, la tercera ronda de reuniones del Mini Comit\u00e9 para Discusi\u00f3n de la Constituci\u00f3n, en la que participa una delegaci\u00f3n que representa al gobierno nacional. La delegaci\u00f3n del gobierno afirm\u00f3 la importancia del apego a la identidad nacional catalizadora del pueblo sirio y consensuarla &hellip;<\/p>\n","protected":false},"author":32,"featured_media":150457,"comment_status":"closed","ping_status":"closed","sticky":false,"template":"","format":"standard","meta":{"footnotes":""},"categories":[597,467,583],"tags":[],"class_list":["post-150455","post","type-post","status-publish","format-standard","has-post-thumbnail","","category-cinta-de-noticias","category-siria-y-el-mundo","category-slide"],"_links":{"self":[{"href":"https:\/\/archive.sana.sy\/es\/index.php?rest_route=\/wp\/v2\/posts\/150455"}],"collection":[{"href":"https:\/\/archive.sana.sy\/es\/index.php?rest_route=\/wp\/v2\/posts"}],"about":[{"href":"https:\/\/archive.sana.sy\/es\/index.php?rest_route=\/wp\/v2\/types\/post"}],"author":[{"embeddable":true,"href":"https:\/\/archive.sana.sy\/es\/index.php?rest_route=\/wp\/v2\/users\/32"}],"replies":[{"embeddable":true,"href":"https:\/\/archive.sana.sy\/es\/index.php?rest_route=%2Fwp%2Fv2%2Fcomments&post=150455"}],"version-history":[{"count":0,"href":"https:\/\/archive.sana.sy\/es\/index.php?rest_route=\/wp\/v2\/posts\/150455\/revisions"}],"wp:featuredmedia":[{"embeddable":true,"href":"https:\/\/archive.sana.sy\/es\/index.php?rest_route=\/wp\/v2\/media\/150457"}],"wp:attachment":[{"href":"https:\/\/archive.sana.sy\/es\/index.php?rest_route=%2Fwp%2Fv2%2Fmedia&parent=150455"}],"wp:term":[{"taxonomy":"category","embeddable":true,"href":"https:\/\/archive.sana.sy\/es\/index.php?rest_route=%2Fwp%2Fv2%2Fcategories&post=150455"},{"taxonomy":"post_tag","embeddable":true,"href":"https:\/\/archive.sana.sy\/es\/index.php?rest_route=%2Fwp%2Fv2%2Ftags&post=150455"}],"curies":[{"name":"wp","href":"https:\/\/api.w.org\/{rel}","templated":true}]}}