{"id":150502,"date":"2020-08-24T21:25:39","date_gmt":"2020-08-24T18:25:39","guid":{"rendered":"http:\/\/sana.sy\/es\/?p=150502"},"modified":"2020-08-24T22:29:42","modified_gmt":"2020-08-24T19:29:42","slug":"siria-brindara-toda-ayuda-posible-a-sirios-afectados-por-la-explosion-de-beirut","status":"publish","type":"post","link":"https:\/\/archive.sana.sy\/es\/?p=150502","title":{"rendered":"Siria brindar\u00e1 toda ayuda posible a sirios afectados por la explosi\u00f3n de Beirut"},"content":{"rendered":"<p><span style=\"color: #800000;\">Beirut, SANA<\/span><\/p>\n<p style=\"text-align: justify;\">El embajador sirio en El L\u00edbano, Ali AbdulKarim, afirm\u00f3 que Siria prestar\u00e1 toda la asistencia posible a los sirios da\u00f1ados por la explosi\u00f3n del puerto de Beirut.<\/p>\n<p style=\"text-align: justify;\">\u201cEl presidente Bashar al-Assad sigue con inter\u00e9s la situaci\u00f3n de todos los ciudadanos sirios dentro y fuera de Siria\u201d, indic\u00f3 Abdulkarim durante su reuni\u00f3n este lunes con varios heridos y con familiares de los m\u00e1rtires y desaparecidos sirios por la explosi\u00f3n.<\/p>\n<p>Al t\u00e9rmino de la reuni\u00f3n, el Embajador ofreci\u00f3 asistencia financiera y alimentaria a las familias de los m\u00e1rtires, los heridos y los desaparecidos.<\/p>\n<p style=\"text-align: justify;\">Asimismo, decenas de voluntarios de la Asociaci\u00f3n de Trabajadores Sirios en El L\u00edbano participaron en la limpieza de las calles en Beirut y al-Dahieh, as\u00ed como la remoci\u00f3n de los escombros causados por el siniestro.<\/p>\n<p style=\"text-align: justify;\">Mustafa Mansour, Jefe de la Asociaci\u00f3n de Trabajadores Sirios, declar\u00f3 a SANA que esta iniciativa refleja la solidaridad con el pueblo liban\u00e9s tras dicha explosi\u00f3n.<\/p>\n<p><span style=\"color: #0000ff;\">RR\/ FM<\/span><\/p>\n<p><img decoding=\"async\" src=\"http:\/\/www.sana.sy\/wp-content\/uploads\/2020\/08\/2-240.jpg\" \/><\/p>\n","protected":false},"excerpt":{"rendered":"<p>Beirut, SANA El embajador sirio en El L\u00edbano, Ali AbdulKarim, afirm\u00f3 que Siria prestar\u00e1 toda la asistencia posible a los sirios da\u00f1ados por la explosi\u00f3n del puerto de Beirut. \u201cEl presidente Bashar al-Assad sigue con inter\u00e9s la situaci\u00f3n de todos los ciudadanos sirios dentro y fuera de Siria\u201d, indic\u00f3 Abdulkarim durante su reuni\u00f3n este lunes &hellip;<\/p>\n","protected":false},"author":31,"featured_media":150503,"comment_status":"closed","ping_status":"closed","sticky":false,"template":"","format":"standard","meta":{"footnotes":""},"categories":[597,467,7541],"tags":[],"class_list":["post-150502","post","type-post","status-publish","format-standard","has-post-thumbnail","","category-cinta-de-noticias","category-siria-y-el-mundo","category-ultimas-noticias"],"_links":{"self":[{"href":"https:\/\/archive.sana.sy\/es\/index.php?rest_route=\/wp\/v2\/posts\/150502"}],"collection":[{"href":"https:\/\/archive.sana.sy\/es\/index.php?rest_route=\/wp\/v2\/posts"}],"about":[{"href":"https:\/\/archive.sana.sy\/es\/index.php?rest_route=\/wp\/v2\/types\/post"}],"author":[{"embeddable":true,"href":"https:\/\/archive.sana.sy\/es\/index.php?rest_route=\/wp\/v2\/users\/31"}],"replies":[{"embeddable":true,"href":"https:\/\/archive.sana.sy\/es\/index.php?rest_route=%2Fwp%2Fv2%2Fcomments&post=150502"}],"version-history":[{"count":0,"href":"https:\/\/archive.sana.sy\/es\/index.php?rest_route=\/wp\/v2\/posts\/150502\/revisions"}],"wp:featuredmedia":[{"embeddable":true,"href":"https:\/\/archive.sana.sy\/es\/index.php?rest_route=\/wp\/v2\/media\/150503"}],"wp:attachment":[{"href":"https:\/\/archive.sana.sy\/es\/index.php?rest_route=%2Fwp%2Fv2%2Fmedia&parent=150502"}],"wp:term":[{"taxonomy":"category","embeddable":true,"href":"https:\/\/archive.sana.sy\/es\/index.php?rest_route=%2Fwp%2Fv2%2Fcategories&post=150502"},{"taxonomy":"post_tag","embeddable":true,"href":"https:\/\/archive.sana.sy\/es\/index.php?rest_route=%2Fwp%2Fv2%2Ftags&post=150502"}],"curies":[{"name":"wp","href":"https:\/\/api.w.org\/{rel}","templated":true}]}}