{"id":150548,"date":"2020-08-25T10:17:40","date_gmt":"2020-08-25T07:17:40","guid":{"rendered":"http:\/\/sana.sy\/es\/?p=150548"},"modified":"2020-08-25T10:17:40","modified_gmt":"2020-08-25T07:17:40","slug":"concluyen-reparacion-del-gasoducto-arabe-que-fue-blanco-la-vispera-de-un-atentado-terrorista-en-el-tramo-entre-las-localidades-de-dumeir-y-adra-al-este-de-damasco","status":"publish","type":"post","link":"https:\/\/archive.sana.sy\/es\/?p=150548","title":{"rendered":"Concluyen reparaci\u00f3n del Gasoducto \u00c1rabe que fue blanco la v\u00edspera de un atentado terrorista en el tramo entre las localidades de Dumeir y Adra, al este de Damasco"},"content":{"rendered":"","protected":false},"excerpt":{"rendered":"","protected":false},"author":34,"featured_media":0,"comment_status":"closed","ping_status":"closed","sticky":false,"template":"","format":"standard","meta":{"footnotes":""},"categories":[596],"tags":[],"class_list":["post-150548","post","type-post","status-publish","format-standard","","category-urgente"],"_links":{"self":[{"href":"https:\/\/archive.sana.sy\/es\/index.php?rest_route=\/wp\/v2\/posts\/150548"}],"collection":[{"href":"https:\/\/archive.sana.sy\/es\/index.php?rest_route=\/wp\/v2\/posts"}],"about":[{"href":"https:\/\/archive.sana.sy\/es\/index.php?rest_route=\/wp\/v2\/types\/post"}],"author":[{"embeddable":true,"href":"https:\/\/archive.sana.sy\/es\/index.php?rest_route=\/wp\/v2\/users\/34"}],"replies":[{"embeddable":true,"href":"https:\/\/archive.sana.sy\/es\/index.php?rest_route=%2Fwp%2Fv2%2Fcomments&post=150548"}],"version-history":[{"count":0,"href":"https:\/\/archive.sana.sy\/es\/index.php?rest_route=\/wp\/v2\/posts\/150548\/revisions"}],"wp:attachment":[{"href":"https:\/\/archive.sana.sy\/es\/index.php?rest_route=%2Fwp%2Fv2%2Fmedia&parent=150548"}],"wp:term":[{"taxonomy":"category","embeddable":true,"href":"https:\/\/archive.sana.sy\/es\/index.php?rest_route=%2Fwp%2Fv2%2Fcategories&post=150548"},{"taxonomy":"post_tag","embeddable":true,"href":"https:\/\/archive.sana.sy\/es\/index.php?rest_route=%2Fwp%2Fv2%2Ftags&post=150548"}],"curies":[{"name":"wp","href":"https:\/\/api.w.org\/{rel}","templated":true}]}}