{"id":150561,"date":"2020-08-25T13:31:49","date_gmt":"2020-08-25T10:31:49","guid":{"rendered":"http:\/\/sana.sy\/es\/?p=150561"},"modified":"2020-08-25T13:31:49","modified_gmt":"2020-08-25T10:31:49","slug":"el-uso-del-agua-para-fines-politicos-es-un-acto-criminal-afirma-moscu","status":"publish","type":"post","link":"https:\/\/archive.sana.sy\/es\/?p=150561","title":{"rendered":"El uso del agua para fines pol\u00edticos es un acto criminal, afirma Mosc\u00fa"},"content":{"rendered":"<p style=\"text-align: justify;\"><span style=\"color: #800000;\"><strong>Mosc\u00fa, SANA<\/strong><\/span><\/p>\n<p style=\"text-align: justify;\">El asesor de la presidenta del Consejo de la Federaci\u00f3n de Rusia, Andrei Baklanov, afirm\u00f3 que usar el agua como arma para lograr fines pol\u00edticos se considera un &#8220;acto criminal e inhumano&#8221;.<\/p>\n<p style=\"text-align: justify;\">La declaraci\u00f3n del funcionario ruso se produce en su comentario sobre el corte del agua potable por parte del r\u00e9gimen turco a m\u00e1s de un mill\u00f3n de ciudadanos sirios en la provincia de Hasakeh.<\/p>\n<p style=\"text-align: justify;\">\u201cLo que est\u00e1 sucediendo en Hasakeh nos preocupa mucho y la situaci\u00f3n ah\u00ed es muy dif\u00edcil e inaceptable y contradice con las resoluciones de las Naciones Unidas, especialmente las resoluciones de la Asamblea General del a\u00f1o 2010, que estipulan que no se puede usar el agua para fines pol\u00edticos\u201d, dijo Baklanov en una declaraci\u00f3n a la agencia de noticias Sputnik.<\/p>\n<p style=\"text-align: justify;\">Explic\u00f3 que su pa\u00eds har\u00e1 todos los esfuerzos posibles para solucionar este problema.<\/p>\n<p style=\"text-align: justify;\"><span style=\"color: #0000ff;\"><strong>F.M\/W.S<\/strong><\/span><\/p>\n","protected":false},"excerpt":{"rendered":"<p>Mosc\u00fa, SANA El asesor de la presidenta del Consejo de la Federaci\u00f3n de Rusia, Andrei Baklanov, afirm\u00f3 que usar el agua como arma para lograr fines pol\u00edticos se considera un &#8220;acto criminal e inhumano&#8221;. La declaraci\u00f3n del funcionario ruso se produce en su comentario sobre el corte del agua potable por parte del r\u00e9gimen turco &hellip;<\/p>\n","protected":false},"author":35,"featured_media":150562,"comment_status":"closed","ping_status":"closed","sticky":false,"template":"","format":"standard","meta":{"footnotes":""},"categories":[597,467,7541],"tags":[],"class_list":["post-150561","post","type-post","status-publish","format-standard","has-post-thumbnail","","category-cinta-de-noticias","category-siria-y-el-mundo","category-ultimas-noticias"],"_links":{"self":[{"href":"https:\/\/archive.sana.sy\/es\/index.php?rest_route=\/wp\/v2\/posts\/150561"}],"collection":[{"href":"https:\/\/archive.sana.sy\/es\/index.php?rest_route=\/wp\/v2\/posts"}],"about":[{"href":"https:\/\/archive.sana.sy\/es\/index.php?rest_route=\/wp\/v2\/types\/post"}],"author":[{"embeddable":true,"href":"https:\/\/archive.sana.sy\/es\/index.php?rest_route=\/wp\/v2\/users\/35"}],"replies":[{"embeddable":true,"href":"https:\/\/archive.sana.sy\/es\/index.php?rest_route=%2Fwp%2Fv2%2Fcomments&post=150561"}],"version-history":[{"count":0,"href":"https:\/\/archive.sana.sy\/es\/index.php?rest_route=\/wp\/v2\/posts\/150561\/revisions"}],"wp:featuredmedia":[{"embeddable":true,"href":"https:\/\/archive.sana.sy\/es\/index.php?rest_route=\/wp\/v2\/media\/150562"}],"wp:attachment":[{"href":"https:\/\/archive.sana.sy\/es\/index.php?rest_route=%2Fwp%2Fv2%2Fmedia&parent=150561"}],"wp:term":[{"taxonomy":"category","embeddable":true,"href":"https:\/\/archive.sana.sy\/es\/index.php?rest_route=%2Fwp%2Fv2%2Fcategories&post=150561"},{"taxonomy":"post_tag","embeddable":true,"href":"https:\/\/archive.sana.sy\/es\/index.php?rest_route=%2Fwp%2Fv2%2Ftags&post=150561"}],"curies":[{"name":"wp","href":"https:\/\/api.w.org\/{rel}","templated":true}]}}