{"id":150567,"date":"2020-08-25T14:28:42","date_gmt":"2020-08-25T11:28:42","guid":{"rendered":"http:\/\/sanasyria.org\/es\/?p=150567"},"modified":"2023-01-10T15:14:54","modified_gmt":"2023-01-10T13:14:54","slug":"provincia-de-deraa-recupera-su-sector-de-turismo","status":"publish","type":"post","link":"https:\/\/archive.sana.sy\/es\/?p=150567","title":{"rendered":"Provincia de Deraa recupera su sector de Turismo"},"content":{"rendered":"<p style=\"text-align: justify;\"><span style=\"color: #800000;\"><strong>Deraa, SANA<\/strong><\/span><\/p>\n<p style=\"text-align: justify;\">La Direcci\u00f3n de Turismo en la provincia sure\u00f1a de Deraa, ubicada a 101 km de la capital Damasco, anunci\u00f3 que la instalaci\u00f3n tur\u00edstica Al-Walid en la ciudad de Muzayrib reabri\u00f3 sus puertas tras un cierre que los a\u00f1os de la guerra terrorista.<\/p>\n<p style=\"text-align: justify;\">\u201cEs importante que la actividad tur\u00edsticas vuelva y las instalaciones reabran sus puertas, y al mismo tiempo fueron organizados varios viajes tur\u00edsticos internos y externos\u201d, explic\u00f3 Yasser Al-Saadi, director de Turismo en Deraa.<\/p>\n<p>Agreg\u00f3 que se ofrecen servicios y facilidades para recuperar las antiguas instalaciones y poner en marcha otras nuevas.<\/p>\n<p style=\"text-align: justify;\">Se otorgaron 37 aprobaciones para nuevas instalaciones y rehabilitaci\u00f3n de otras.<\/p>\n<div id='gallery-1' class='gallery galleryid-150567 gallery-columns-1 gallery-size-full'><figure class='gallery-item'>\n\t\t\t<div class='gallery-icon landscape'>\n\t\t\t\t<a href='https:\/\/archive.sana.sy\/es\/?attachment_id=150569'><img loading=\"lazy\" decoding=\"async\" width=\"660\" height=\"417\" src=\"https:\/\/archive.sana.sy\/es\/wp-content\/uploads\/2020\/08\/2-243.jpg\" class=\"attachment-full size-full\" alt=\"\" srcset=\"https:\/\/archive.sana.sy\/es\/wp-content\/uploads\/2020\/08\/2-243.jpg 660w, https:\/\/archive.sana.sy\/es\/wp-content\/uploads\/2020\/08\/2-243-300x190.jpg 300w, https:\/\/archive.sana.sy\/es\/wp-content\/uploads\/2020\/08\/2-243-150x95.jpg 150w\" sizes=\"(max-width: 660px) 100vw, 660px\" \/><\/a>\n\t\t\t<\/div><\/figure><figure class='gallery-item'>\n\t\t\t<div class='gallery-icon landscape'>\n\t\t\t\t<a href='https:\/\/archive.sana.sy\/es\/?attachment_id=150570'><img loading=\"lazy\" decoding=\"async\" width=\"660\" height=\"428\" src=\"https:\/\/archive.sana.sy\/es\/wp-content\/uploads\/2020\/08\/3-200.jpg\" class=\"attachment-full size-full\" alt=\"\" srcset=\"https:\/\/archive.sana.sy\/es\/wp-content\/uploads\/2020\/08\/3-200.jpg 660w, https:\/\/archive.sana.sy\/es\/wp-content\/uploads\/2020\/08\/3-200-300x195.jpg 300w, https:\/\/archive.sana.sy\/es\/wp-content\/uploads\/2020\/08\/3-200-150x97.jpg 150w\" sizes=\"(max-width: 660px) 100vw, 660px\" \/><\/a>\n\t\t\t<\/div><\/figure><figure class='gallery-item'>\n\t\t\t<div class='gallery-icon landscape'>\n\t\t\t\t<a href='https:\/\/archive.sana.sy\/es\/?attachment_id=150571'><img loading=\"lazy\" decoding=\"async\" width=\"660\" height=\"440\" src=\"https:\/\/archive.sana.sy\/es\/wp-content\/uploads\/2020\/08\/4-194.jpg\" class=\"attachment-full size-full\" alt=\"\" srcset=\"https:\/\/archive.sana.sy\/es\/wp-content\/uploads\/2020\/08\/4-194.jpg 660w, https:\/\/archive.sana.sy\/es\/wp-content\/uploads\/2020\/08\/4-194-300x200.jpg 300w, https:\/\/archive.sana.sy\/es\/wp-content\/uploads\/2020\/08\/4-194-150x100.jpg 150w\" sizes=\"(max-width: 660px) 100vw, 660px\" \/><\/a>\n\t\t\t<\/div><\/figure>\n\t\t<\/div>\n\n<p style=\"text-align: justify;\"><span style=\"color: #0000ff;\"><strong>W.S\/F.M<\/strong><\/span><\/p>\n","protected":false},"excerpt":{"rendered":"<p>Deraa, SANA La Direcci\u00f3n de Turismo en la provincia sure\u00f1a de Deraa, ubicada a 101 km de la capital Damasco, anunci\u00f3 que la instalaci\u00f3n tur\u00edstica Al-Walid en la ciudad de Muzayrib reabri\u00f3 sus puertas tras un cierre que los a\u00f1os de la guerra terrorista. \u201cEs importante que la actividad tur\u00edsticas vuelva y las instalaciones reabran &hellip;<\/p>\n","protected":false},"author":35,"featured_media":150568,"comment_status":"closed","ping_status":"closed","sticky":false,"template":"","format":"standard","meta":{"footnotes":""},"categories":[597,485,476,7541],"tags":[],"class_list":["post-150567","post","type-post","status-publish","format-standard","has-post-thumbnail","","category-cinta-de-noticias","category-informes-negocios-y-finanzas","category-locales","category-ultimas-noticias"],"_links":{"self":[{"href":"https:\/\/archive.sana.sy\/es\/index.php?rest_route=\/wp\/v2\/posts\/150567"}],"collection":[{"href":"https:\/\/archive.sana.sy\/es\/index.php?rest_route=\/wp\/v2\/posts"}],"about":[{"href":"https:\/\/archive.sana.sy\/es\/index.php?rest_route=\/wp\/v2\/types\/post"}],"author":[{"embeddable":true,"href":"https:\/\/archive.sana.sy\/es\/index.php?rest_route=\/wp\/v2\/users\/35"}],"replies":[{"embeddable":true,"href":"https:\/\/archive.sana.sy\/es\/index.php?rest_route=%2Fwp%2Fv2%2Fcomments&post=150567"}],"version-history":[{"count":0,"href":"https:\/\/archive.sana.sy\/es\/index.php?rest_route=\/wp\/v2\/posts\/150567\/revisions"}],"wp:featuredmedia":[{"embeddable":true,"href":"https:\/\/archive.sana.sy\/es\/index.php?rest_route=\/wp\/v2\/media\/150568"}],"wp:attachment":[{"href":"https:\/\/archive.sana.sy\/es\/index.php?rest_route=%2Fwp%2Fv2%2Fmedia&parent=150567"}],"wp:term":[{"taxonomy":"category","embeddable":true,"href":"https:\/\/archive.sana.sy\/es\/index.php?rest_route=%2Fwp%2Fv2%2Fcategories&post=150567"},{"taxonomy":"post_tag","embeddable":true,"href":"https:\/\/archive.sana.sy\/es\/index.php?rest_route=%2Fwp%2Fv2%2Ftags&post=150567"}],"curies":[{"name":"wp","href":"https:\/\/api.w.org\/{rel}","templated":true}]}}