{"id":150752,"date":"2020-08-27T15:43:07","date_gmt":"2020-08-27T12:43:07","guid":{"rendered":"http:\/\/sana.sy\/es\/?p=150752"},"modified":"2020-08-27T15:43:07","modified_gmt":"2020-08-27T12:43:07","slug":"ultima-hora-la-union-parlamentaria-arabe-condena-energicamente-a-las-practicas-inhumanas-y-los-repetidos-ataques-perpetrados-por-el-regimen-turco-y-sus-grupos-terroristas-contra-el-pueblo-sirio-y-la","status":"publish","type":"post","link":"https:\/\/archive.sana.sy\/es\/?p=150752","title":{"rendered":"\u00daLTIMA HORA: La Uni\u00f3n Parlamentaria \u00c1rabe  condena en\u00e9rgicamente a las pr\u00e1cticas inhumanas y los repetidos ataques perpetrados por el r\u00e9gimen turco y sus grupos terroristas contra el pueblo sirio y las tierras sirias."},"content":{"rendered":"","protected":false},"excerpt":{"rendered":"","protected":false},"author":32,"featured_media":0,"comment_status":"closed","ping_status":"closed","sticky":false,"template":"","format":"standard","meta":{"footnotes":""},"categories":[596],"tags":[],"class_list":["post-150752","post","type-post","status-publish","format-standard","","category-urgente"],"_links":{"self":[{"href":"https:\/\/archive.sana.sy\/es\/index.php?rest_route=\/wp\/v2\/posts\/150752"}],"collection":[{"href":"https:\/\/archive.sana.sy\/es\/index.php?rest_route=\/wp\/v2\/posts"}],"about":[{"href":"https:\/\/archive.sana.sy\/es\/index.php?rest_route=\/wp\/v2\/types\/post"}],"author":[{"embeddable":true,"href":"https:\/\/archive.sana.sy\/es\/index.php?rest_route=\/wp\/v2\/users\/32"}],"replies":[{"embeddable":true,"href":"https:\/\/archive.sana.sy\/es\/index.php?rest_route=%2Fwp%2Fv2%2Fcomments&post=150752"}],"version-history":[{"count":0,"href":"https:\/\/archive.sana.sy\/es\/index.php?rest_route=\/wp\/v2\/posts\/150752\/revisions"}],"wp:attachment":[{"href":"https:\/\/archive.sana.sy\/es\/index.php?rest_route=%2Fwp%2Fv2%2Fmedia&parent=150752"}],"wp:term":[{"taxonomy":"category","embeddable":true,"href":"https:\/\/archive.sana.sy\/es\/index.php?rest_route=%2Fwp%2Fv2%2Fcategories&post=150752"},{"taxonomy":"post_tag","embeddable":true,"href":"https:\/\/archive.sana.sy\/es\/index.php?rest_route=%2Fwp%2Fv2%2Ftags&post=150752"}],"curies":[{"name":"wp","href":"https:\/\/api.w.org\/{rel}","templated":true}]}}