{"id":150758,"date":"2020-08-27T16:22:31","date_gmt":"2020-08-27T13:22:31","guid":{"rendered":"http:\/\/sana.sy\/es\/?p=150758"},"modified":"2020-08-27T18:40:26","modified_gmt":"2020-08-27T15:40:26","slug":"sabagh-se-reune-con-el-embajador-armenio","status":"publish","type":"post","link":"https:\/\/archive.sana.sy\/es\/?p=150758","title":{"rendered":"Siria y Armenia repasan v\u00edas de impulsar sus relaciones parlamentarias"},"content":{"rendered":"<p style=\"text-align: justify;\"><span style=\"color: #800000;\"><strong>Damasco, SANA<\/strong><\/span><\/p>\n<p style=\"text-align: justify;\">El presidente de la Asamblea del Pueblo, Hamoudeh Sabbagh, se reuni\u00f3 con el embajador de la Rep\u00fablica de Armenia en Damasco, Dekran Kiforkian, y debati\u00f3 con \u00e9l la importancia de ahondar las relaciones parlamentarias sirio-armenias, e incrementar las visitas mutuas as\u00ed como potenciar las relaciones bilaterales entre los dos pa\u00edses amigos en todos los \u00e1mbitos.<\/p>\n<p style=\"text-align: justify;\">Sabagh ensalz\u00f3 las relaciones fraternales y de amistad que unen a los pueblos sirio y armenio desde hace largas d\u00e9cadas, y evoc\u00f3 la prolongada historia de sufrimiento y dolores sufridos por los dos pueblos amigos a manos de la ocupaci\u00f3n otomana en sus facetas antigua y nueva; el \u00faltimo episodio ha sido el crimen continuo que comete el r\u00e9gimen turco al cortar el agua potable a la ciudad de Hasakeh y sus alrededores.<\/p>\n<p style=\"text-align: justify;\">Por su parte el embajador armenio en Damasco afirm\u00f3 que las relaciones armenio-sirias son hist\u00f3ricas, arraigadas y renovadas, por tanto, hay que trabajar por desarrollar las relaciones parlamentarias mutuas.<\/p>\n<p style=\"text-align: justify;\">Adelant\u00f3 que una delegaci\u00f3n de diputados de la Asamblea Nacional de Armenia visitar\u00e1 Siria junto a hombres de negocios armenio-sirios, aunque esto est\u00e1 sujeto a la desaparici\u00f3n de la pandemia de coronavirus y a la mejora del movimiento de vuelos en los aeropuertos de los dos pa\u00edses.<\/p>\n<p style=\"text-align: justify;\">El presidente de la Asamblea del Pueblo recibi\u00f3 del embajador Kiforkian una carta de felicitaci\u00f3n del presidente de la Asamblea Nacional de Armenia, Ararad Mirozian, con ocasi\u00f3n de la elecci\u00f3n de Sabagh como presidente de la Asamblea del Pueblo, en la cual Mirozian expres\u00f3 su fe en los esfuerzos conjuntos para una cooperaci\u00f3n eficaz entre los parlamentarios de los dos pa\u00edses por el bien de los dos pueblos amigos.<\/p>\n<p style=\"text-align: justify;\"><strong><span style=\"color: #0000ff;\">R.Sh\/F.M\/E.D<\/span><\/strong><\/p>\n","protected":false},"excerpt":{"rendered":"<p>Damasco, SANA El presidente de la Asamblea del Pueblo, Hamoudeh Sabbagh, se reuni\u00f3 con el embajador de la Rep\u00fablica de Armenia en Damasco, Dekran Kiforkian, y debati\u00f3 con \u00e9l la importancia de ahondar las relaciones parlamentarias sirio-armenias, e incrementar las visitas mutuas as\u00ed como potenciar las relaciones bilaterales entre los dos pa\u00edses amigos en todos &hellip;<\/p>\n","protected":false},"author":32,"featured_media":150759,"comment_status":"closed","ping_status":"closed","sticky":false,"template":"","format":"standard","meta":{"footnotes":""},"categories":[477,597,457,7541],"tags":[],"class_list":["post-150758","post","type-post","status-publish","format-standard","has-post-thumbnail","","category-noticias-edulcorantes","category-cinta-de-noticias","category-noticias-arabe-internacional-politica","category-ultimas-noticias"],"_links":{"self":[{"href":"https:\/\/archive.sana.sy\/es\/index.php?rest_route=\/wp\/v2\/posts\/150758"}],"collection":[{"href":"https:\/\/archive.sana.sy\/es\/index.php?rest_route=\/wp\/v2\/posts"}],"about":[{"href":"https:\/\/archive.sana.sy\/es\/index.php?rest_route=\/wp\/v2\/types\/post"}],"author":[{"embeddable":true,"href":"https:\/\/archive.sana.sy\/es\/index.php?rest_route=\/wp\/v2\/users\/32"}],"replies":[{"embeddable":true,"href":"https:\/\/archive.sana.sy\/es\/index.php?rest_route=%2Fwp%2Fv2%2Fcomments&post=150758"}],"version-history":[{"count":0,"href":"https:\/\/archive.sana.sy\/es\/index.php?rest_route=\/wp\/v2\/posts\/150758\/revisions"}],"wp:featuredmedia":[{"embeddable":true,"href":"https:\/\/archive.sana.sy\/es\/index.php?rest_route=\/wp\/v2\/media\/150759"}],"wp:attachment":[{"href":"https:\/\/archive.sana.sy\/es\/index.php?rest_route=%2Fwp%2Fv2%2Fmedia&parent=150758"}],"wp:term":[{"taxonomy":"category","embeddable":true,"href":"https:\/\/archive.sana.sy\/es\/index.php?rest_route=%2Fwp%2Fv2%2Fcategories&post=150758"},{"taxonomy":"post_tag","embeddable":true,"href":"https:\/\/archive.sana.sy\/es\/index.php?rest_route=%2Fwp%2Fv2%2Ftags&post=150758"}],"curies":[{"name":"wp","href":"https:\/\/api.w.org\/{rel}","templated":true}]}}