{"id":150761,"date":"2020-08-27T16:33:53","date_gmt":"2020-08-27T13:33:53","guid":{"rendered":"http:\/\/sana.sy\/es\/?p=150761"},"modified":"2020-08-27T16:33:53","modified_gmt":"2020-08-27T13:33:53","slug":"union-parlamentaria-arabe-condena-crimenes-y-practicas-inhumanas-del-regimen-turco-en-siria","status":"publish","type":"post","link":"https:\/\/archive.sana.sy\/es\/?p=150761","title":{"rendered":"Uni\u00f3n Parlamentaria \u00c1rabe condena cr\u00edmenes y pr\u00e1cticas inhumanas del r\u00e9gimen turco en Siria"},"content":{"rendered":"<p style=\"text-align: justify;\"><strong><span style=\"color: #800000;\">Beirut, SANA<\/span><\/strong><\/p>\n<p style=\"text-align: justify;\">La Uni\u00f3n Parlamentaria \u00c1rabe expres\u00f3 su en\u00e9rgica condena a las pr\u00e1cticas inhumanas y los repetidos ataques perpetrados por el r\u00e9gimen turco y sus grupos terroristas contra el pueblo sirio y las tierras sirias.<\/p>\n<p style=\"text-align: justify;\">En un comunicado emitido hoy, la Uni\u00f3n hizo un llamado a la comunidad internacional y a las Naciones Unidas para que intervengan urgentemente para poner fin a las flagrantes violaciones cometidas por Turqu\u00eda contra el pueblo y el territorio de un estado soberano vecino.<\/p>\n<p style=\"text-align: justify;\">La nota ratific\u00f3 el pleno apoyo de la Uni\u00f3n a Siria en la defensa de su soberan\u00eda y pueblo, y manifest\u00f3 su confianza en la capacidad de Siria de defender sus tierras y soberan\u00eda.<\/p>\n<p style=\"text-align: justify;\"><strong><span style=\"color: #0000ff;\">Nota en Desarrollo..<\/span><\/strong><\/p>\n<p style=\"text-align: justify;\"><strong><span style=\"color: #0000ff;\">F.M\/ E.D<\/span><\/strong><\/p>\n","protected":false},"excerpt":{"rendered":"<p>Beirut, SANA La Uni\u00f3n Parlamentaria \u00c1rabe expres\u00f3 su en\u00e9rgica condena a las pr\u00e1cticas inhumanas y los repetidos ataques perpetrados por el r\u00e9gimen turco y sus grupos terroristas contra el pueblo sirio y las tierras sirias. En un comunicado emitido hoy, la Uni\u00f3n hizo un llamado a la comunidad internacional y a las Naciones Unidas para &hellip;<\/p>\n","protected":false},"author":32,"featured_media":150762,"comment_status":"closed","ping_status":"closed","sticky":false,"template":"","format":"standard","meta":{"footnotes":""},"categories":[597,467,7541],"tags":[],"class_list":["post-150761","post","type-post","status-publish","format-standard","has-post-thumbnail","","category-cinta-de-noticias","category-siria-y-el-mundo","category-ultimas-noticias"],"_links":{"self":[{"href":"https:\/\/archive.sana.sy\/es\/index.php?rest_route=\/wp\/v2\/posts\/150761"}],"collection":[{"href":"https:\/\/archive.sana.sy\/es\/index.php?rest_route=\/wp\/v2\/posts"}],"about":[{"href":"https:\/\/archive.sana.sy\/es\/index.php?rest_route=\/wp\/v2\/types\/post"}],"author":[{"embeddable":true,"href":"https:\/\/archive.sana.sy\/es\/index.php?rest_route=\/wp\/v2\/users\/32"}],"replies":[{"embeddable":true,"href":"https:\/\/archive.sana.sy\/es\/index.php?rest_route=%2Fwp%2Fv2%2Fcomments&post=150761"}],"version-history":[{"count":0,"href":"https:\/\/archive.sana.sy\/es\/index.php?rest_route=\/wp\/v2\/posts\/150761\/revisions"}],"wp:featuredmedia":[{"embeddable":true,"href":"https:\/\/archive.sana.sy\/es\/index.php?rest_route=\/wp\/v2\/media\/150762"}],"wp:attachment":[{"href":"https:\/\/archive.sana.sy\/es\/index.php?rest_route=%2Fwp%2Fv2%2Fmedia&parent=150761"}],"wp:term":[{"taxonomy":"category","embeddable":true,"href":"https:\/\/archive.sana.sy\/es\/index.php?rest_route=%2Fwp%2Fv2%2Fcategories&post=150761"},{"taxonomy":"post_tag","embeddable":true,"href":"https:\/\/archive.sana.sy\/es\/index.php?rest_route=%2Fwp%2Fv2%2Ftags&post=150761"}],"curies":[{"name":"wp","href":"https:\/\/api.w.org\/{rel}","templated":true}]}}