{"id":150938,"date":"2020-08-29T11:37:41","date_gmt":"2020-08-29T08:37:41","guid":{"rendered":"http:\/\/sana.sy\/es\/?p=150938"},"modified":"2020-08-29T11:37:41","modified_gmt":"2020-08-29T08:37:41","slug":"comite-de-discusion-de-la-constitucion-reanuda-sus-reuniones-en-ginebra","status":"publish","type":"post","link":"https:\/\/archive.sana.sy\/es\/?p=150938","title":{"rendered":"Comit\u00e9 de Discusi\u00f3n de la Constituci\u00f3n reanuda sus reuniones en Ginebra"},"content":{"rendered":"<p style=\"text-align: justify;\"><span style=\"color: #800000;\"><strong>Ginebra, SANA<\/strong><\/span><\/p>\n<p style=\"text-align: justify;\">El Comit\u00e9 de Debate de la Constituci\u00f3n se reanud\u00f3 hoy sus reuniones en la sede de la ONU en Ginebra, con la participaci\u00f3n de la delegaci\u00f3n nacional que representa al gobierno sirio.<\/p>\n<p style=\"text-align: justify;\">En la v\u00edspera, el jefe de la delegaci\u00f3n nacional, Ahmed Kezbari, enfatiz\u00f3 la necesidad de acordar los principios nacionales antes de pasar a los principios constitucionales.<\/p>\n<p style=\"text-align: justify;\">Indic\u00f3 en una conferencia de prensa que \u201cel m\u00e1s importante de esos principios es el respeto a la soberan\u00eda, unidad e independencia de la Rep\u00fablica \u00c1rabe Siria.<\/p>\n<p style=\"text-align: justify;\">Explic\u00f3 que hay otro principio que es el rechazo y la lucha contra el terrorismo.<\/p>\n<p style=\"text-align: justify;\">Denunci\u00f3 que hay una clara intenci\u00f3n por parte de algunas partes para obstaculizar un avance en los debates y esper\u00f3 que se alcancen resultados constructivos y llegar a cosas en com\u00fan.<\/p>\n<p style=\"text-align: justify;\">El Comit\u00e9 de Discusi\u00f3n de la Constituci\u00f3n realiz\u00f3 dos rondas de reuniones en la sede de las Naciones Unidas en Ginebra durante el mes de noviembre del a\u00f1o pasado.<\/p>\n<p style=\"text-align: justify;\">El mismo consta de 45 miembros (15 representan la delegaci\u00f3n del gobierno nacional, 15 la delegaci\u00f3n del r\u00e9gimen turco y 15 miembros representan la sociedad civil).<\/p>\n<p style=\"text-align: justify;\"><span style=\"color: #0000ff;\"><strong>F.M\/W.S<\/strong><\/span><\/p>\n","protected":false},"excerpt":{"rendered":"<p>Ginebra, SANA El Comit\u00e9 de Debate de la Constituci\u00f3n se reanud\u00f3 hoy sus reuniones en la sede de la ONU en Ginebra, con la participaci\u00f3n de la delegaci\u00f3n nacional que representa al gobierno sirio. En la v\u00edspera, el jefe de la delegaci\u00f3n nacional, Ahmed Kezbari, enfatiz\u00f3 la necesidad de acordar los principios nacionales antes de &hellip;<\/p>\n","protected":false},"author":35,"featured_media":150939,"comment_status":"closed","ping_status":"closed","sticky":false,"template":"","format":"standard","meta":{"footnotes":""},"categories":[597,467,7541],"tags":[],"class_list":["post-150938","post","type-post","status-publish","format-standard","has-post-thumbnail","","category-cinta-de-noticias","category-siria-y-el-mundo","category-ultimas-noticias"],"_links":{"self":[{"href":"https:\/\/archive.sana.sy\/es\/index.php?rest_route=\/wp\/v2\/posts\/150938"}],"collection":[{"href":"https:\/\/archive.sana.sy\/es\/index.php?rest_route=\/wp\/v2\/posts"}],"about":[{"href":"https:\/\/archive.sana.sy\/es\/index.php?rest_route=\/wp\/v2\/types\/post"}],"author":[{"embeddable":true,"href":"https:\/\/archive.sana.sy\/es\/index.php?rest_route=\/wp\/v2\/users\/35"}],"replies":[{"embeddable":true,"href":"https:\/\/archive.sana.sy\/es\/index.php?rest_route=%2Fwp%2Fv2%2Fcomments&post=150938"}],"version-history":[{"count":0,"href":"https:\/\/archive.sana.sy\/es\/index.php?rest_route=\/wp\/v2\/posts\/150938\/revisions"}],"wp:featuredmedia":[{"embeddable":true,"href":"https:\/\/archive.sana.sy\/es\/index.php?rest_route=\/wp\/v2\/media\/150939"}],"wp:attachment":[{"href":"https:\/\/archive.sana.sy\/es\/index.php?rest_route=%2Fwp%2Fv2%2Fmedia&parent=150938"}],"wp:term":[{"taxonomy":"category","embeddable":true,"href":"https:\/\/archive.sana.sy\/es\/index.php?rest_route=%2Fwp%2Fv2%2Fcategories&post=150938"},{"taxonomy":"post_tag","embeddable":true,"href":"https:\/\/archive.sana.sy\/es\/index.php?rest_route=%2Fwp%2Fv2%2Ftags&post=150938"}],"curies":[{"name":"wp","href":"https:\/\/api.w.org\/{rel}","templated":true}]}}