{"id":150944,"date":"2020-08-29T12:08:24","date_gmt":"2020-08-29T09:08:24","guid":{"rendered":"http:\/\/sana.sy\/es\/?p=150944"},"modified":"2023-01-12T14:43:24","modified_gmt":"2023-01-12T12:43:24","slug":"mueren-dos-soldados-estadounidenses-en-un-accidente-de-helicoptero-en-california","status":"publish","type":"post","link":"https:\/\/archive.sana.sy\/es\/?p=150944","title":{"rendered":"Mueren dos soldados estadounidenses en un accidente de helic\u00f3ptero en California"},"content":{"rendered":"<p><span style=\"color: #800000;\"><strong>Washington, SANA<\/strong><\/span><\/p>\n<p>Dos soldados del ej\u00e9rcito estadounidense perdieron la vida y otros tres resultaron heridos en el estallamiento de helic\u00f3ptero en la isla de San Clemente en el sur de California.<\/p>\n<p>Seg\u00fan declar\u00f3 el Ministerio de Defensa estadounidense \u201cPent\u00e1gono\u201d , un helic\u00f3ptero tipo \u201cBlack Hawk\u201d se estrell\u00f3 durante una operaci\u00f3n de entrenamiento y provoc\u00f3 la muerte de dos soldados.<\/p>\n<p>Se desconocen a\u00fan las causas del accidente, afirm\u00f3.<\/p>\n<p>Cabe destacar que nueve soldados murieron despu\u00e9s de que barco se hundi\u00f3 en la misma isla en el pasado julio.<\/p>\n<p><span style=\"color: #0000ff;\"><strong>W.S\/F.M<\/strong><\/span><\/p>\n","protected":false},"excerpt":{"rendered":"<p>Washington, SANA Dos soldados del ej\u00e9rcito estadounidense perdieron la vida y otros tres resultaron heridos en el estallamiento de helic\u00f3ptero en la isla de San Clemente en el sur de California. Seg\u00fan declar\u00f3 el Ministerio de Defensa estadounidense \u201cPent\u00e1gono\u201d , un helic\u00f3ptero tipo \u201cBlack Hawk\u201d se estrell\u00f3 durante una operaci\u00f3n de entrenamiento y provoc\u00f3 la &hellip;<\/p>\n","protected":false},"author":35,"featured_media":150945,"comment_status":"closed","ping_status":"closed","sticky":false,"template":"","format":"standard","meta":{"footnotes":""},"categories":[597,456],"tags":[],"class_list":["post-150944","post","type-post","status-publish","format-standard","has-post-thumbnail","","category-cinta-de-noticias","category-arabe-internacional-politica"],"_links":{"self":[{"href":"https:\/\/archive.sana.sy\/es\/index.php?rest_route=\/wp\/v2\/posts\/150944"}],"collection":[{"href":"https:\/\/archive.sana.sy\/es\/index.php?rest_route=\/wp\/v2\/posts"}],"about":[{"href":"https:\/\/archive.sana.sy\/es\/index.php?rest_route=\/wp\/v2\/types\/post"}],"author":[{"embeddable":true,"href":"https:\/\/archive.sana.sy\/es\/index.php?rest_route=\/wp\/v2\/users\/35"}],"replies":[{"embeddable":true,"href":"https:\/\/archive.sana.sy\/es\/index.php?rest_route=%2Fwp%2Fv2%2Fcomments&post=150944"}],"version-history":[{"count":0,"href":"https:\/\/archive.sana.sy\/es\/index.php?rest_route=\/wp\/v2\/posts\/150944\/revisions"}],"wp:featuredmedia":[{"embeddable":true,"href":"https:\/\/archive.sana.sy\/es\/index.php?rest_route=\/wp\/v2\/media\/150945"}],"wp:attachment":[{"href":"https:\/\/archive.sana.sy\/es\/index.php?rest_route=%2Fwp%2Fv2%2Fmedia&parent=150944"}],"wp:term":[{"taxonomy":"category","embeddable":true,"href":"https:\/\/archive.sana.sy\/es\/index.php?rest_route=%2Fwp%2Fv2%2Fcategories&post=150944"},{"taxonomy":"post_tag","embeddable":true,"href":"https:\/\/archive.sana.sy\/es\/index.php?rest_route=%2Fwp%2Fv2%2Ftags&post=150944"}],"curies":[{"name":"wp","href":"https:\/\/api.w.org\/{rel}","templated":true}]}}