{"id":150971,"date":"2020-08-30T12:19:06","date_gmt":"2020-08-30T09:19:06","guid":{"rendered":"http:\/\/sana.sy\/es\/?p=150971"},"modified":"2020-08-30T12:20:49","modified_gmt":"2020-08-30T09:20:49","slug":"desfile-maritimo-y-ceremonia-de-graduacion-de-cadetes-con-motivo-de-72-aniversario-del-dia-de-fuerzas-navales-de-siria","status":"publish","type":"post","link":"https:\/\/archive.sana.sy\/es\/?p=150971","title":{"rendered":"Desfile mar\u00edtimo y ceremonia de graduaci\u00f3n de cadetes con motivo de 72 aniversario del D\u00eda de Fuerzas Navales de Siria"},"content":{"rendered":"<p><strong><span style=\"color: #800000;\">Latakia, SANA<\/span><\/strong><\/p>\n<p style=\"text-align: justify;\">Bajo patrocinio del presidente Bashar Al-Assad, Comandante en Jefe del Ej\u00e9rcito y Fuerzas Armadas, se efectu\u00f3 una ceremonia de graduaci\u00f3n de un nuevo grupo de cadetes de la Academia Naval.<\/p>\n<p style=\"text-align: justify;\">La ceremonia inici\u00f3 con guardar un minuto de silencio en homenaje a los m\u00e1rtires, y luego se toc\u00f3 el himno nacional de la Rep\u00fablica \u00c1rabe Siria, y se realiz\u00f3 un desfile militar en el que participaron todos los cadetes.<\/p>\n<p style=\"text-align: justify;\">En el acto efectuado tambi\u00e9n por el d\u00eda de las Fuerzas Navales y Defensa Costera del Ej\u00e9rcito \u00c1rabe Sirio, se pronunciaron palabras que destacaron la capacidad de Siria de mantenerse firme y lograr la victoria gracias a su pueblo audaz, ej\u00e9rcito valiente, direcci\u00f3n sabia y leales amigos.<\/p>\n<p style=\"text-align: justify;\">Posteriormente, se llev\u00f3 a cabo la ceremonia de entrega y recepci\u00f3n de la bandera, y los egresados prestaron el juramento militar, y se entregaron certificados y obsequios a los primeros egresados.<\/p>\n<p style=\"text-align: justify;\">Por otro lado, las Fuerzas Navales y Defensa Costera del Ej\u00e9rcito \u00c1rabe Sirio efectuaron un desfile mar\u00edtimo con motivo de 72 aniversario del D\u00eda de las Fuerzas Navales.<\/p>\n<p style=\"text-align: justify;\">Seg\u00fan la tradici\u00f3n mar\u00edtima, se arroj\u00f3 al mar una ofrenda floral en homenaje a los m\u00e1rtires de las fuerzas navales, y se coloc\u00f3 una ofrenda floral en el Monumento de M\u00e1rtires.<\/p>\n<p><span style=\"color: #0000ff;\">FM\/ RR<\/span><\/p>\n<div id='gallery-1' class='gallery galleryid-150971 gallery-columns-2 gallery-size-medium'><figure class='gallery-item'>\n\t\t\t<div class='gallery-icon landscape'>\n\t\t\t\t<a href='https:\/\/archive.sana.sy\/es\/wp-content\/uploads\/2020\/08\/photo_2020-08-29_18-42-01.jpg'><img loading=\"lazy\" decoding=\"async\" width=\"300\" height=\"200\" src=\"https:\/\/archive.sana.sy\/es\/wp-content\/uploads\/2020\/08\/photo_2020-08-29_18-42-01-300x200.jpg\" class=\"attachment-medium size-medium\" alt=\"\" srcset=\"https:\/\/archive.sana.sy\/es\/wp-content\/uploads\/2020\/08\/photo_2020-08-29_18-42-01-300x200.jpg 300w, https:\/\/archive.sana.sy\/es\/wp-content\/uploads\/2020\/08\/photo_2020-08-29_18-42-01-1024x682.jpg 1024w, https:\/\/archive.sana.sy\/es\/wp-content\/uploads\/2020\/08\/photo_2020-08-29_18-42-01-150x100.jpg 150w, https:\/\/archive.sana.sy\/es\/wp-content\/uploads\/2020\/08\/photo_2020-08-29_18-42-01-768x512.jpg 768w, https:\/\/archive.sana.sy\/es\/wp-content\/uploads\/2020\/08\/photo_2020-08-29_18-42-01.jpg 1280w\" sizes=\"(max-width: 300px) 100vw, 300px\" \/><\/a>\n\t\t\t<\/div><\/figure><figure class='gallery-item'>\n\t\t\t<div class='gallery-icon landscape'>\n\t\t\t\t<a href='https:\/\/archive.sana.sy\/es\/wp-content\/uploads\/2020\/08\/photo_2020-08-29_18-41-47.jpg'><img loading=\"lazy\" decoding=\"async\" width=\"300\" height=\"200\" src=\"https:\/\/archive.sana.sy\/es\/wp-content\/uploads\/2020\/08\/photo_2020-08-29_18-41-47-300x200.jpg\" class=\"attachment-medium size-medium\" alt=\"\" srcset=\"https:\/\/archive.sana.sy\/es\/wp-content\/uploads\/2020\/08\/photo_2020-08-29_18-41-47-300x200.jpg 300w, https:\/\/archive.sana.sy\/es\/wp-content\/uploads\/2020\/08\/photo_2020-08-29_18-41-47-1024x682.jpg 1024w, https:\/\/archive.sana.sy\/es\/wp-content\/uploads\/2020\/08\/photo_2020-08-29_18-41-47-150x100.jpg 150w, https:\/\/archive.sana.sy\/es\/wp-content\/uploads\/2020\/08\/photo_2020-08-29_18-41-47-768x512.jpg 768w, https:\/\/archive.sana.sy\/es\/wp-content\/uploads\/2020\/08\/photo_2020-08-29_18-41-47.jpg 1280w\" sizes=\"(max-width: 300px) 100vw, 300px\" \/><\/a>\n\t\t\t<\/div><\/figure><figure class='gallery-item'>\n\t\t\t<div class='gallery-icon landscape'>\n\t\t\t\t<a href='https:\/\/archive.sana.sy\/es\/wp-content\/uploads\/2020\/08\/photo_2020-08-29_18-41-56.jpg'><img loading=\"lazy\" decoding=\"async\" width=\"300\" height=\"200\" src=\"https:\/\/archive.sana.sy\/es\/wp-content\/uploads\/2020\/08\/photo_2020-08-29_18-41-56-300x200.jpg\" class=\"attachment-medium size-medium\" alt=\"\" srcset=\"https:\/\/archive.sana.sy\/es\/wp-content\/uploads\/2020\/08\/photo_2020-08-29_18-41-56-300x200.jpg 300w, https:\/\/archive.sana.sy\/es\/wp-content\/uploads\/2020\/08\/photo_2020-08-29_18-41-56-1024x682.jpg 1024w, https:\/\/archive.sana.sy\/es\/wp-content\/uploads\/2020\/08\/photo_2020-08-29_18-41-56-150x100.jpg 150w, https:\/\/archive.sana.sy\/es\/wp-content\/uploads\/2020\/08\/photo_2020-08-29_18-41-56-768x512.jpg 768w, https:\/\/archive.sana.sy\/es\/wp-content\/uploads\/2020\/08\/photo_2020-08-29_18-41-56.jpg 1280w\" sizes=\"(max-width: 300px) 100vw, 300px\" \/><\/a>\n\t\t\t<\/div><\/figure><figure class='gallery-item'>\n\t\t\t<div class='gallery-icon landscape'>\n\t\t\t\t<a href='https:\/\/archive.sana.sy\/es\/wp-content\/uploads\/2020\/08\/photo_2020-08-29_18-41-59.jpg'><img loading=\"lazy\" decoding=\"async\" width=\"300\" height=\"300\" src=\"https:\/\/archive.sana.sy\/es\/wp-content\/uploads\/2020\/08\/photo_2020-08-29_18-41-59-300x300.jpg\" class=\"attachment-medium size-medium\" alt=\"\" srcset=\"https:\/\/archive.sana.sy\/es\/wp-content\/uploads\/2020\/08\/photo_2020-08-29_18-41-59-300x300.jpg 300w, https:\/\/archive.sana.sy\/es\/wp-content\/uploads\/2020\/08\/photo_2020-08-29_18-41-59-1024x1024.jpg 1024w, https:\/\/archive.sana.sy\/es\/wp-content\/uploads\/2020\/08\/photo_2020-08-29_18-41-59-150x150.jpg 150w, https:\/\/archive.sana.sy\/es\/wp-content\/uploads\/2020\/08\/photo_2020-08-29_18-41-59-768x768.jpg 768w, https:\/\/archive.sana.sy\/es\/wp-content\/uploads\/2020\/08\/photo_2020-08-29_18-41-59.jpg 1280w\" sizes=\"(max-width: 300px) 100vw, 300px\" \/><\/a>\n\t\t\t<\/div><\/figure><figure class='gallery-item'>\n\t\t\t<div class='gallery-icon landscape'>\n\t\t\t\t<a href='https:\/\/archive.sana.sy\/es\/wp-content\/uploads\/2020\/08\/photo_2020-08-29_18-42-05.jpg'><img loading=\"lazy\" decoding=\"async\" width=\"300\" height=\"200\" src=\"https:\/\/archive.sana.sy\/es\/wp-content\/uploads\/2020\/08\/photo_2020-08-29_18-42-05-300x200.jpg\" class=\"attachment-medium size-medium\" alt=\"\" srcset=\"https:\/\/archive.sana.sy\/es\/wp-content\/uploads\/2020\/08\/photo_2020-08-29_18-42-05-300x200.jpg 300w, https:\/\/archive.sana.sy\/es\/wp-content\/uploads\/2020\/08\/photo_2020-08-29_18-42-05-1024x682.jpg 1024w, https:\/\/archive.sana.sy\/es\/wp-content\/uploads\/2020\/08\/photo_2020-08-29_18-42-05-150x100.jpg 150w, https:\/\/archive.sana.sy\/es\/wp-content\/uploads\/2020\/08\/photo_2020-08-29_18-42-05-768x512.jpg 768w, https:\/\/archive.sana.sy\/es\/wp-content\/uploads\/2020\/08\/photo_2020-08-29_18-42-05.jpg 1280w\" sizes=\"(max-width: 300px) 100vw, 300px\" \/><\/a>\n\t\t\t<\/div><\/figure><figure class='gallery-item'>\n\t\t\t<div class='gallery-icon landscape'>\n\t\t\t\t<a href='https:\/\/archive.sana.sy\/es\/wp-content\/uploads\/2020\/08\/photo_2020-08-29_18-42-08.jpg'><img loading=\"lazy\" decoding=\"async\" width=\"300\" height=\"300\" src=\"https:\/\/archive.sana.sy\/es\/wp-content\/uploads\/2020\/08\/photo_2020-08-29_18-42-08-300x300.jpg\" class=\"attachment-medium size-medium\" alt=\"\" srcset=\"https:\/\/archive.sana.sy\/es\/wp-content\/uploads\/2020\/08\/photo_2020-08-29_18-42-08-300x300.jpg 300w, https:\/\/archive.sana.sy\/es\/wp-content\/uploads\/2020\/08\/photo_2020-08-29_18-42-08-1024x1024.jpg 1024w, https:\/\/archive.sana.sy\/es\/wp-content\/uploads\/2020\/08\/photo_2020-08-29_18-42-08-150x150.jpg 150w, https:\/\/archive.sana.sy\/es\/wp-content\/uploads\/2020\/08\/photo_2020-08-29_18-42-08-768x768.jpg 768w, https:\/\/archive.sana.sy\/es\/wp-content\/uploads\/2020\/08\/photo_2020-08-29_18-42-08.jpg 1280w\" sizes=\"(max-width: 300px) 100vw, 300px\" \/><\/a>\n\t\t\t<\/div><\/figure><figure class='gallery-item'>\n\t\t\t<div class='gallery-icon landscape'>\n\t\t\t\t<a href='https:\/\/archive.sana.sy\/es\/wp-content\/uploads\/2020\/08\/photo_2020-08-29_18-42-10.jpg'><img loading=\"lazy\" decoding=\"async\" width=\"300\" height=\"200\" src=\"https:\/\/archive.sana.sy\/es\/wp-content\/uploads\/2020\/08\/photo_2020-08-29_18-42-10-300x200.jpg\" class=\"attachment-medium size-medium\" alt=\"\" srcset=\"https:\/\/archive.sana.sy\/es\/wp-content\/uploads\/2020\/08\/photo_2020-08-29_18-42-10-300x200.jpg 300w, https:\/\/archive.sana.sy\/es\/wp-content\/uploads\/2020\/08\/photo_2020-08-29_18-42-10-1024x682.jpg 1024w, https:\/\/archive.sana.sy\/es\/wp-content\/uploads\/2020\/08\/photo_2020-08-29_18-42-10-150x100.jpg 150w, https:\/\/archive.sana.sy\/es\/wp-content\/uploads\/2020\/08\/photo_2020-08-29_18-42-10-768x512.jpg 768w, https:\/\/archive.sana.sy\/es\/wp-content\/uploads\/2020\/08\/photo_2020-08-29_18-42-10.jpg 1280w\" sizes=\"(max-width: 300px) 100vw, 300px\" \/><\/a>\n\t\t\t<\/div><\/figure><figure class='gallery-item'>\n\t\t\t<div class='gallery-icon landscape'>\n\t\t\t\t<a href='https:\/\/archive.sana.sy\/es\/wp-content\/uploads\/2020\/08\/photo_2020-08-29_18-42-12.jpg'><img loading=\"lazy\" decoding=\"async\" width=\"300\" height=\"200\" src=\"https:\/\/archive.sana.sy\/es\/wp-content\/uploads\/2020\/08\/photo_2020-08-29_18-42-12-300x200.jpg\" class=\"attachment-medium size-medium\" alt=\"\" srcset=\"https:\/\/archive.sana.sy\/es\/wp-content\/uploads\/2020\/08\/photo_2020-08-29_18-42-12-300x200.jpg 300w, https:\/\/archive.sana.sy\/es\/wp-content\/uploads\/2020\/08\/photo_2020-08-29_18-42-12-1024x682.jpg 1024w, https:\/\/archive.sana.sy\/es\/wp-content\/uploads\/2020\/08\/photo_2020-08-29_18-42-12-150x100.jpg 150w, https:\/\/archive.sana.sy\/es\/wp-content\/uploads\/2020\/08\/photo_2020-08-29_18-42-12-768x512.jpg 768w, https:\/\/archive.sana.sy\/es\/wp-content\/uploads\/2020\/08\/photo_2020-08-29_18-42-12.jpg 1280w\" sizes=\"(max-width: 300px) 100vw, 300px\" \/><\/a>\n\t\t\t<\/div><\/figure>\n\t\t<\/div>\n\n","protected":false},"excerpt":{"rendered":"<p>Latakia, SANA Bajo patrocinio del presidente Bashar Al-Assad, Comandante en Jefe del Ej\u00e9rcito y Fuerzas Armadas, se efectu\u00f3 una ceremonia de graduaci\u00f3n de un nuevo grupo de cadetes de la Academia Naval. La ceremonia inici\u00f3 con guardar un minuto de silencio en homenaje a los m\u00e1rtires, y luego se toc\u00f3 el himno nacional de la &hellip;<\/p>\n","protected":false},"author":31,"featured_media":151013,"comment_status":"closed","ping_status":"closed","sticky":false,"template":"","format":"standard","meta":{"footnotes":""},"categories":[597,476],"tags":[],"class_list":["post-150971","post","type-post","status-publish","format-standard","has-post-thumbnail","","category-cinta-de-noticias","category-locales"],"_links":{"self":[{"href":"https:\/\/archive.sana.sy\/es\/index.php?rest_route=\/wp\/v2\/posts\/150971"}],"collection":[{"href":"https:\/\/archive.sana.sy\/es\/index.php?rest_route=\/wp\/v2\/posts"}],"about":[{"href":"https:\/\/archive.sana.sy\/es\/index.php?rest_route=\/wp\/v2\/types\/post"}],"author":[{"embeddable":true,"href":"https:\/\/archive.sana.sy\/es\/index.php?rest_route=\/wp\/v2\/users\/31"}],"replies":[{"embeddable":true,"href":"https:\/\/archive.sana.sy\/es\/index.php?rest_route=%2Fwp%2Fv2%2Fcomments&post=150971"}],"version-history":[{"count":0,"href":"https:\/\/archive.sana.sy\/es\/index.php?rest_route=\/wp\/v2\/posts\/150971\/revisions"}],"wp:featuredmedia":[{"embeddable":true,"href":"https:\/\/archive.sana.sy\/es\/index.php?rest_route=\/wp\/v2\/media\/151013"}],"wp:attachment":[{"href":"https:\/\/archive.sana.sy\/es\/index.php?rest_route=%2Fwp%2Fv2%2Fmedia&parent=150971"}],"wp:term":[{"taxonomy":"category","embeddable":true,"href":"https:\/\/archive.sana.sy\/es\/index.php?rest_route=%2Fwp%2Fv2%2Fcategories&post=150971"},{"taxonomy":"post_tag","embeddable":true,"href":"https:\/\/archive.sana.sy\/es\/index.php?rest_route=%2Fwp%2Fv2%2Ftags&post=150971"}],"curies":[{"name":"wp","href":"https:\/\/api.w.org\/{rel}","templated":true}]}}