{"id":151033,"date":"2020-08-30T09:25:44","date_gmt":"2020-08-30T06:25:44","guid":{"rendered":"http:\/\/sana.sy\/es\/?p=151033"},"modified":"2023-01-10T15:34:21","modified_gmt":"2023-01-10T13:34:21","slug":"titulares-de-la-prensa-nacional-siria-2","status":"publish","type":"post","link":"https:\/\/archive.sana.sy\/es\/?p=151033","title":{"rendered":"Titulares de la prensa nacional siria"},"content":{"rendered":"<p style=\"text-align: justify;\"><span style=\"color: #800000;\"><strong>Damasco, SANA<\/strong><\/span><\/p>\n<p>Los principales diarios y medios de comunicaci\u00f3n sirios destacaron los siguientes titulares del \u00e1mbito nacional e internacional:<\/p>\n<p style=\"text-align: justify;\"><strong>Nacionales<\/strong><\/p>\n<p style=\"text-align: justify;\">&#8211; Siria acumula dos mil 628 contagios con Covid-19 de los cuales 599 se curaron y 106 fallecieron.<\/p>\n<p style=\"text-align: justify;\">&#8211; Siria prev\u00e9 aumento en producci\u00f3n del algod\u00f3n este a\u00f1o.<\/p>\n<p style=\"text-align: justify;\">&#8211; Exitosa operaci\u00f3n de trasplante de m\u00e9dula \u00f3sea ajena a un ni\u00f1o en el Hospital Militar &#8220;Tishreen&#8221;.<\/p>\n<p style=\"text-align: justify;\">&#8211; Lanzan campa\u00f1a de limpieza y desinfecci\u00f3n en Deir Ezzor.<\/p>\n<p style=\"text-align: justify;\">&#8211; Abatidos un cabecilla y cuatro integrantes de la milicia FDS en Deir Ezzor y Hasakeh.<\/p>\n<p style=\"text-align: justify;\">&#8211; Concluye en Ginebra tercera ronda de reuniones del Comit\u00e9 de Discusi\u00f3n de la Constituci\u00f3n.<\/p>\n<p style=\"text-align: justify;\">&#8211; Labor del Comit\u00e9 Constitucional debe continuar y el avance est\u00e1 en manos de los propios sirios, afirma Pedersen.<\/p>\n<p style=\"text-align: justify;\">&#8211; Desfile mar\u00edtimo y ceremonia de graduaci\u00f3n de cadentes con motivo de 72 aniversario del D\u00eda de Fuerzas Navales de Siria.<\/p>\n<p style=\"text-align: justify;\">&#8211; Mercenarios pro-turcos secuestran a mujeres y ancianos en el norte de Alepo.<\/p>\n<p style=\"text-align: justify;\"><strong>Internacionales<\/strong><\/p>\n<p style=\"text-align: justify;\">&#8211; Aviaci\u00f3n del enemigo israel\u00ed viola nuevamente el espacio a\u00e9reo liban\u00e9s.<\/p>\n<p style=\"text-align: justify;\">&#8211; La coalici\u00f3n agresora saudita comete 65 violaciones al acuerdo de alto el fuego en Hodeidah.<\/p>\n<p style=\"text-align: justify;\">&#8211; Atenas: ejerceremos nuestros derechos soberanos a pesar de las amenazas del r\u00e9gimen turco.<\/p>\n<p style=\"text-align: justify;\">&#8211; Dos soldados turcos murieron en un enfrentamiento con armados en el este del pa\u00eds.<\/p>\n<p style=\"text-align: justify;\">&#8211; Como parte de sus pol\u00edticas provocativas, el r\u00e9gimen turco realiza maniobras en el Mediterr\u00e1neo oriental.<\/p>\n<p style=\"text-align: justify;\">&#8211; Ir\u00e1n anuncia que duplic\u00f3 sus exportaciones de gas en los \u00faltimos seis a\u00f1os.<\/p>\n<p style=\"text-align: justify;\">&#8211; Las fuerzas de seguridad yemen\u00edes arrestan a un l\u00edder de la organizaci\u00f3n terrorista Al-Qaeda.<\/p>\n<p style=\"text-align: justify;\">&#8211; Mueren 17 personas en el colapso de un restaurante en el norte de China.<\/p>\n<p style=\"text-align: justify;\">&#8211; La Zona Verde en Bagdad es atacada con un misil.<\/p>\n<p style=\"text-align: justify;\">&#8211; Caza ruso intercepta tres aviones de reconocimiento de pa\u00edses occidentales en el Mar B\u00e1ltico.<\/p>\n<p style=\"text-align: justify;\">&#8211; Mueren dos soldados estadounidenses en un accidente de helic\u00f3ptero en California.<\/p>\n<p style=\"text-align: justify;\">&#8211; Rusia desarrolla un helic\u00f3ptero de ataque no tripulado.<\/p>\n<p style=\"text-align: justify;\">&#8211; Ej\u00e9rcito de Iraq arresta a tres terroristas del Daesh en Bagdad.<\/p>\n<p style=\"text-align: justify;\">&#8211; Siria prev\u00e9 aumento en producci\u00f3n del algod\u00f3n este a\u00f1o.<\/p>\n<p style=\"text-align: justify;\">&#8211; Las inundaciones cobran m\u00e1s de 160 vidas en Afganist\u00e1n.<\/p>\n<p style=\"text-align: justify;\">&#8211; El ocupante arrest\u00f3 a un palestino de la ciudad de Issawiya.<\/p>\n<p style=\"text-align: justify;\">&#8211; Al menos 12 personas murieron en las inundaciones en el este de La India.<\/p>\n<p style=\"text-align: justify;\">&#8211; Muere un yemen\u00ed por un proyectil lanzado por un avi\u00f3n esp\u00eda de las fuerzas agresoras sauditas.<\/p>\n<p style=\"text-align: justify;\">&#8211; Putin: Rusia reconoce la legitimidad de las elecciones presidenciales en Bielorrusia.<\/p>\n<p style=\"text-align: justify;\">&#8211; Cuatro soldados libaneses resultan heridos por una bomba lanazda en su contra en la localidad de Rashya Al-Wadi.<\/p>\n<p style=\"text-align: justify;\">&#8211; El unilateralismo estadounidense socava las Naciones Unidas, afirma Teher\u00e1n.<\/p>\n<p style=\"text-align: justify;\">&#8211; El saldo de muertos por la tormenta Laura en Hait\u00ed asciende a 31.<\/p>\n<p style=\"text-align: justify;\">&#8211; El Consejo de Seguridad de la ONU prorroga por un a\u00f1o la misi\u00f3n de la FINUL en el L\u00edbano.<\/p>\n<p style=\"text-align: justify;\">&#8211; El n\u00famero de muertos por el hurac\u00e1n Laura en Estados Unidos se eleva a 14.<\/p>\n<p><span style=\"color: #0000ff;\"><strong>F.M\/W.S<\/strong><\/span><\/p>\n","protected":false},"excerpt":{"rendered":"<p>Damasco, SANA Los principales diarios y medios de comunicaci\u00f3n sirios destacaron los siguientes titulares del \u00e1mbito nacional e internacional: Nacionales &#8211; Siria acumula dos mil 628 contagios con Covid-19 de los cuales 599 se curaron y 106 fallecieron. &#8211; Siria prev\u00e9 aumento en producci\u00f3n del algod\u00f3n este a\u00f1o. &#8211; Exitosa operaci\u00f3n de trasplante de m\u00e9dula &hellip;<\/p>\n","protected":false},"author":35,"featured_media":151035,"comment_status":"closed","ping_status":"closed","sticky":false,"template":"","format":"standard","meta":{"footnotes":""},"categories":[447,597,7541],"tags":[],"class_list":["post-151033","post","type-post","status-publish","format-standard","has-post-thumbnail","","category-local-politica","category-cinta-de-noticias","category-ultimas-noticias"],"_links":{"self":[{"href":"https:\/\/archive.sana.sy\/es\/index.php?rest_route=\/wp\/v2\/posts\/151033"}],"collection":[{"href":"https:\/\/archive.sana.sy\/es\/index.php?rest_route=\/wp\/v2\/posts"}],"about":[{"href":"https:\/\/archive.sana.sy\/es\/index.php?rest_route=\/wp\/v2\/types\/post"}],"author":[{"embeddable":true,"href":"https:\/\/archive.sana.sy\/es\/index.php?rest_route=\/wp\/v2\/users\/35"}],"replies":[{"embeddable":true,"href":"https:\/\/archive.sana.sy\/es\/index.php?rest_route=%2Fwp%2Fv2%2Fcomments&post=151033"}],"version-history":[{"count":0,"href":"https:\/\/archive.sana.sy\/es\/index.php?rest_route=\/wp\/v2\/posts\/151033\/revisions"}],"wp:featuredmedia":[{"embeddable":true,"href":"https:\/\/archive.sana.sy\/es\/index.php?rest_route=\/wp\/v2\/media\/151035"}],"wp:attachment":[{"href":"https:\/\/archive.sana.sy\/es\/index.php?rest_route=%2Fwp%2Fv2%2Fmedia&parent=151033"}],"wp:term":[{"taxonomy":"category","embeddable":true,"href":"https:\/\/archive.sana.sy\/es\/index.php?rest_route=%2Fwp%2Fv2%2Fcategories&post=151033"},{"taxonomy":"post_tag","embeddable":true,"href":"https:\/\/archive.sana.sy\/es\/index.php?rest_route=%2Fwp%2Fv2%2Ftags&post=151033"}],"curies":[{"name":"wp","href":"https:\/\/api.w.org\/{rel}","templated":true}]}}