{"id":151054,"date":"2020-08-30T12:02:49","date_gmt":"2020-08-30T09:02:49","guid":{"rendered":"http:\/\/sana.sy\/es\/?p=151054"},"modified":"2020-08-30T12:03:24","modified_gmt":"2020-08-30T09:03:24","slug":"un-martir-y-15-heridos-por-la-explosion-de-una-mina-remanente-de-terroristas-en-hama","status":"publish","type":"post","link":"https:\/\/archive.sana.sy\/es\/?p=151054","title":{"rendered":"Un m\u00e1rtir y 15 heridos por la explosi\u00f3n de una mina remanente de terroristas en Hama"},"content":{"rendered":"<p style=\"text-align: justify;\"><span style=\"color: #800000;\"><strong>Hama, SANA<\/strong><\/span><\/p>\n<p style=\"text-align: justify;\">Un civil perdi\u00f3 la vida y otros 15 fueron lesionados en la explosi\u00f3n de una mina remanente de las agrupaciones terroristas en la localidad de Al-Hamara, ubicada en el nordeste de la provincia central de Hama.<\/p>\n<p style=\"text-align: justify;\">La explosi\u00f3n, seg\u00fan report\u00f3 el corresponsal de SANA, se produjo cuando un grupo de campesinos trabajaban en sus tierras agr\u00edcolas en la liberada localidad.<\/p>\n<p style=\"text-align: justify;\">El d\u00eda 23 del mes en curso, dos civiles fueron lesionados por el estallido de una mina terrorista en la localidad de Karnaz, en el noroeste de Hama.<\/p>\n<p style=\"text-align: justify;\">Las organizaciones terroristas procedieron a implantar minas y bombas en las zonas que estaban bajo su dominio con el fin de obstaculizar el avance de los militares sirios e impedir el retorno de los desplazados a sus hogares.<\/p>\n<p style=\"text-align: justify;\"><span style=\"color: #0000ff;\"><strong>F.M\/W.S<\/strong><\/span><\/p>\n","protected":false},"excerpt":{"rendered":"<p>Hama, SANA Un civil perdi\u00f3 la vida y otros 15 fueron lesionados en la explosi\u00f3n de una mina remanente de las agrupaciones terroristas en la localidad de Al-Hamara, ubicada en el nordeste de la provincia central de Hama. La explosi\u00f3n, seg\u00fan report\u00f3 el corresponsal de SANA, se produjo cuando un grupo de campesinos trabajaban en &hellip;<\/p>\n","protected":false},"author":35,"featured_media":151055,"comment_status":"closed","ping_status":"closed","sticky":false,"template":"","format":"standard","meta":{"footnotes":""},"categories":[477,447,597,573,476,7541],"tags":[],"class_list":["post-151054","post","type-post","status-publish","format-standard","has-post-thumbnail","","category-noticias-edulcorantes","category-local-politica","category-cinta-de-noticias","category-la-realidad-de-los-acontecimientos-en-siria","category-locales","category-ultimas-noticias"],"_links":{"self":[{"href":"https:\/\/archive.sana.sy\/es\/index.php?rest_route=\/wp\/v2\/posts\/151054"}],"collection":[{"href":"https:\/\/archive.sana.sy\/es\/index.php?rest_route=\/wp\/v2\/posts"}],"about":[{"href":"https:\/\/archive.sana.sy\/es\/index.php?rest_route=\/wp\/v2\/types\/post"}],"author":[{"embeddable":true,"href":"https:\/\/archive.sana.sy\/es\/index.php?rest_route=\/wp\/v2\/users\/35"}],"replies":[{"embeddable":true,"href":"https:\/\/archive.sana.sy\/es\/index.php?rest_route=%2Fwp%2Fv2%2Fcomments&post=151054"}],"version-history":[{"count":0,"href":"https:\/\/archive.sana.sy\/es\/index.php?rest_route=\/wp\/v2\/posts\/151054\/revisions"}],"wp:featuredmedia":[{"embeddable":true,"href":"https:\/\/archive.sana.sy\/es\/index.php?rest_route=\/wp\/v2\/media\/151055"}],"wp:attachment":[{"href":"https:\/\/archive.sana.sy\/es\/index.php?rest_route=%2Fwp%2Fv2%2Fmedia&parent=151054"}],"wp:term":[{"taxonomy":"category","embeddable":true,"href":"https:\/\/archive.sana.sy\/es\/index.php?rest_route=%2Fwp%2Fv2%2Fcategories&post=151054"},{"taxonomy":"post_tag","embeddable":true,"href":"https:\/\/archive.sana.sy\/es\/index.php?rest_route=%2Fwp%2Fv2%2Ftags&post=151054"}],"curies":[{"name":"wp","href":"https:\/\/api.w.org\/{rel}","templated":true}]}}