{"id":151057,"date":"2020-08-30T12:15:32","date_gmt":"2020-08-30T09:15:32","guid":{"rendered":"http:\/\/sana.sy\/es\/?p=151057"},"modified":"2020-08-30T12:15:32","modified_gmt":"2020-08-30T09:15:32","slug":"presidente-bashar-al-assad-promulgo-el-decreto-no-221-del-ano-2020-que-incluye-la-formacion-del-nuevo-gobierno-sirio-encabezado-por-el-ing-hussein-arnous","status":"publish","type":"post","link":"https:\/\/archive.sana.sy\/es\/?p=151057","title":{"rendered":"Presidente Bashar Al-Assad, promulg\u00f3 el Decreto No. 221 del a\u00f1o 2020 que incluye la formaci\u00f3n del nuevo gobierno sirio encabezado por el Ing. Hussein Arnous"},"content":{"rendered":"","protected":false},"excerpt":{"rendered":"","protected":false},"author":35,"featured_media":0,"comment_status":"closed","ping_status":"closed","sticky":false,"template":"","format":"standard","meta":{"footnotes":""},"categories":[596],"tags":[],"class_list":["post-151057","post","type-post","status-publish","format-standard","","category-urgente"],"_links":{"self":[{"href":"https:\/\/archive.sana.sy\/es\/index.php?rest_route=\/wp\/v2\/posts\/151057"}],"collection":[{"href":"https:\/\/archive.sana.sy\/es\/index.php?rest_route=\/wp\/v2\/posts"}],"about":[{"href":"https:\/\/archive.sana.sy\/es\/index.php?rest_route=\/wp\/v2\/types\/post"}],"author":[{"embeddable":true,"href":"https:\/\/archive.sana.sy\/es\/index.php?rest_route=\/wp\/v2\/users\/35"}],"replies":[{"embeddable":true,"href":"https:\/\/archive.sana.sy\/es\/index.php?rest_route=%2Fwp%2Fv2%2Fcomments&post=151057"}],"version-history":[{"count":0,"href":"https:\/\/archive.sana.sy\/es\/index.php?rest_route=\/wp\/v2\/posts\/151057\/revisions"}],"wp:attachment":[{"href":"https:\/\/archive.sana.sy\/es\/index.php?rest_route=%2Fwp%2Fv2%2Fmedia&parent=151057"}],"wp:term":[{"taxonomy":"category","embeddable":true,"href":"https:\/\/archive.sana.sy\/es\/index.php?rest_route=%2Fwp%2Fv2%2Fcategories&post=151057"},{"taxonomy":"post_tag","embeddable":true,"href":"https:\/\/archive.sana.sy\/es\/index.php?rest_route=%2Fwp%2Fv2%2Ftags&post=151057"}],"curies":[{"name":"wp","href":"https:\/\/api.w.org\/{rel}","templated":true}]}}