{"id":151059,"date":"2020-08-30T12:17:56","date_gmt":"2020-08-30T09:17:56","guid":{"rendered":"http:\/\/sana.sy\/es\/?p=151059"},"modified":"2020-08-30T13:11:30","modified_gmt":"2020-08-30T10:11:30","slug":"presidente-al-assad-decreta-formacion-del-nuevo-gobierno-de-la-republica-arabe-siria","status":"publish","type":"post","link":"https:\/\/archive.sana.sy\/es\/?p=151059","title":{"rendered":"Al-Assad decreta la formaci\u00f3n del nuevo gobierno de la Rep\u00fablica \u00c1rabe Siria"},"content":{"rendered":"<p><span style=\"color: #800000;\"><strong>Damasco, SANA<\/strong><\/span><\/p>\n<p>El presidente Bashar Al-Assad, promulg\u00f3 el Decreto No. 221 del a\u00f1o 2020 que incluye la formaci\u00f3n del nuevo gobierno sirio que est\u00e1 integrado por:<\/p>\n<p>&#8211; Ing. Hussein Arnous, Jefe del Gobierno.<\/p>\n<p>&#8211; El Teniente General Ali Abdullah Ayoub, Viceprimer Ministro y Ministro de Defensa.<\/p>\n<p>&#8211; Walid Al-Muallem, Viceprimer Ministro y Ministro de Exteriores y Expatriados.<\/p>\n<p>&#8211; Dr. Muhammad Abdul Sattar Al-Sayyed, Ministro de Asuntos Religiosos.(Awqaf)<\/p>\n<p>&#8211; Mansour Fadlallah Azzam, ministro de Asuntos Presidenciales.<\/p>\n<p>&#8211; Ing. Hussein Makhlouf, Ministro de Administraci\u00f3n Municipal.<\/p>\n<p>&#8211; Dra. Salam Al-Safaf, ministra de Desarrollo Administrativo.<\/p>\n<p>&#8211; Dra. Salwa Abdullah, Ministra de Asuntos Sociales y Trabajo.<\/p>\n<p>&#8211; Dr. Muhammad Samer Al-Khalil, Ministro de Econom\u00eda y Comercio Exterior.<\/p>\n<p>&#8211; Sr. Imad Abdullah Sarah, Ministro de Informaci\u00f3n.<\/p>\n<p>&#8211; El Mayor General Mohamed Khaled Rahmoun, ministro del Interior.<\/p>\n<p>&#8211; Ing. Mohamed Rami Martini, Ministro de Turismo.<\/p>\n<p>&#8211; Dr. Bassam Ibrahim, Ministro de Educaci\u00f3n Superior.<\/p>\n<p>&#8211; Ing. Suhail Abd al-Latif, Ministro de Obras P\u00fablicas y Vivienda.<\/p>\n<p>&#8211; Ing. Iyad Al-Khatib, Ministro de Telecomunicaciones y Tecnolog\u00eda.<\/p>\n<p>&#8211; Talal Al-Barazi, Ministro de Comercio Interior y Protecci\u00f3n del Consumidor.<\/p>\n<p>&#8211; Dra. Lubana Mashouh, Ministra de Cultura.<\/p>\n<p>&#8211; Dr. Darem Tabaa, Ministro de Educaci\u00f3n.<\/p>\n<p>&#8211; Ahmed Al-Sayed, Ministro de Justicia.<\/p>\n<p>&#8211; Tammam Raad, Ministro de Recursos H\u00eddricos.<\/p>\n<p>&#8211; Dr. Kinan Yaghi, Ministro de Finanzas.<\/p>\n<p>&#8211; Ing. Zuhair Khuzaim, Ministro de Transporte.<\/p>\n<p>&#8211; Bassam Tohme, Ministro de Petr\u00f3leo y Recursos Minerales.<\/p>\n<p>&#8211; Dr. Hassan Al-Ghobash, Ministro de Salud.<\/p>\n<p>&#8211; Zyad Sabbagh, ministro de Industria.<\/p>\n<p>&#8211; Ing. Muhammad Hassan Qatna, Ministro de Agricultura y Reforma Agraria.<\/p>\n<p>&#8211; Ing. Ghassan Al-Zamil, Ministro de Electricidad.<\/p>\n<p>&#8211; Muhammad Fayez Al-Barsha, Ministro de Estado.<\/p>\n<p>&#8211; Muhammad Samir Haddad, Ministro de Estado.<\/p>\n<p>&#8211; Malloul Al-Hussein, Ministro de Estado.<\/p>\n<p><span style=\"color: #0000ff;\"><strong>F.M\/W.S<\/strong><\/span><\/p>\n","protected":false},"excerpt":{"rendered":"<p>Damasco, SANA El presidente Bashar Al-Assad, promulg\u00f3 el Decreto No. 221 del a\u00f1o 2020 que incluye la formaci\u00f3n del nuevo gobierno sirio que est\u00e1 integrado por: &#8211; Ing. Hussein Arnous, Jefe del Gobierno. &#8211; El Teniente General Ali Abdullah Ayoub, Viceprimer Ministro y Ministro de Defensa. &#8211; Walid Al-Muallem, Viceprimer Ministro y Ministro de Exteriores &hellip;<\/p>\n","protected":false},"author":35,"featured_media":151073,"comment_status":"closed","ping_status":"closed","sticky":false,"template":"","format":"standard","meta":{"footnotes":""},"categories":[597,476,583],"tags":[],"class_list":["post-151059","post","type-post","status-publish","format-standard","has-post-thumbnail","","category-cinta-de-noticias","category-locales","category-slide"],"_links":{"self":[{"href":"https:\/\/archive.sana.sy\/es\/index.php?rest_route=\/wp\/v2\/posts\/151059"}],"collection":[{"href":"https:\/\/archive.sana.sy\/es\/index.php?rest_route=\/wp\/v2\/posts"}],"about":[{"href":"https:\/\/archive.sana.sy\/es\/index.php?rest_route=\/wp\/v2\/types\/post"}],"author":[{"embeddable":true,"href":"https:\/\/archive.sana.sy\/es\/index.php?rest_route=\/wp\/v2\/users\/35"}],"replies":[{"embeddable":true,"href":"https:\/\/archive.sana.sy\/es\/index.php?rest_route=%2Fwp%2Fv2%2Fcomments&post=151059"}],"version-history":[{"count":0,"href":"https:\/\/archive.sana.sy\/es\/index.php?rest_route=\/wp\/v2\/posts\/151059\/revisions"}],"wp:featuredmedia":[{"embeddable":true,"href":"https:\/\/archive.sana.sy\/es\/index.php?rest_route=\/wp\/v2\/media\/151073"}],"wp:attachment":[{"href":"https:\/\/archive.sana.sy\/es\/index.php?rest_route=%2Fwp%2Fv2%2Fmedia&parent=151059"}],"wp:term":[{"taxonomy":"category","embeddable":true,"href":"https:\/\/archive.sana.sy\/es\/index.php?rest_route=%2Fwp%2Fv2%2Fcategories&post=151059"},{"taxonomy":"post_tag","embeddable":true,"href":"https:\/\/archive.sana.sy\/es\/index.php?rest_route=%2Fwp%2Fv2%2Ftags&post=151059"}],"curies":[{"name":"wp","href":"https:\/\/api.w.org\/{rel}","templated":true}]}}