{"id":15108,"date":"2014-12-27T20:29:00","date_gmt":"2014-12-27T18:29:00","guid":{"rendered":"http:\/\/www.sana.sy\/es\/?p=15108"},"modified":"2014-12-27T20:38:32","modified_gmt":"2014-12-27T18:38:32","slug":"ceremonia-benefica-a-550-ninos-de-los-hijos-de-martires-y-de-los-orfanatos-en-damasco","status":"publish","type":"post","link":"https:\/\/archive.sana.sy\/es\/?p=15108","title":{"rendered":"Ceremonia ben\u00e9fica a 550 ni\u00f1os de los hijos de m\u00e1rtires y de los orfanatos en Damasco"},"content":{"rendered":"<p style=\"text-align: justify\"><span style=\"color: #800000\">Damasco, SANA<\/span><\/p>\n<p style=\"text-align: justify\">Con motivo de las fiestas de Navidad y Fin de A\u00f1o, el empresario y expatriado sirio, Mazen Terzi, ha organizado hoy una ceremonia ben\u00e9fica a unos 550 ni\u00f1os de los de la Escuela de los Hijos de los M\u00e1rtires y los de orfanatos en el Hotel Sheraton en Damasco, durante el cual fueron presentadas obras art\u00edsticas y repartidos regalos a los ni\u00f1os.<\/p>\n<p style=\"text-align: justify\">En una declaraci\u00f3n a los periodistas, Terzi dijo que \u201chonrar a los hijos de los m\u00e1rtires que han sacrificado sus vidas por la dignidad de patria y para que vivan todas las personas con orgullo, es un deber y una responsabilidad patri\u00f3tica\u201d se\u00f1alando que Siria resisti\u00f3 a esa guerra a lo largo de estos a\u00f1os gracias a la conciencia de su pueblo, la valent\u00eda de su ej\u00e9rcito y la sabidur\u00eda de su liderazgo.<\/p>\n<p style=\"text-align: justify\">El empresario sirio consider\u00f3 que la sonrisa de los ni\u00f1os durante la ceremonia es un mensaje a todos los pa\u00edses que han liberado la guerra contra Siria de que \u201cla alegr\u00eda de los d\u00edas festivos permanecer\u00e1 en Siria, y que los hijos de los m\u00e1rtires por su insistencia y determinaci\u00f3n reconstruir\u00e1n la patria y no van a ceder ante la humillaci\u00f3n.<\/p>\n<p style=\"text-align: justify\">As\u00ed como se dirigi\u00f3 a los empresarios sirios expatriados llam\u00e1ndoles a retornar al seno de la patria y sentir la grandeza de pertenecer a ella, y contribuir en el proceso de reconstrucci\u00f3n.<\/p>\n<p style=\"text-align: justify\">\u201cSiria es la madre, el primer y \u00faltimo refugio a todos los expatriados\u201d, agreg\u00f3.<\/p>\n<p style=\"text-align: justify\">La directora general de la Autoridad P\u00fablica para las Escuelas de los hijos de los m\u00e1rtires, Shahira Falouh, expres\u00f3 su aprecio a todas las iniciativas de los fieles hijos a la patria y en particular a los hijos de los m\u00e1rtires.<\/p>\n<p style=\"text-align: justify\">A su vez, los ni\u00f1os manifestaron su alegr\u00eda por las obras teatrales que fueron expuestas, expresando sus agradecimientos a los sirios expatriados, en particular al empresario Mazen Terzi.<\/p>\n<p style=\"text-align: justify\"><a href=\"http:\/\/www.sana.sy\/es\/wp-content\/uploads\/2014\/12\/114.jpg\"><img loading=\"lazy\" decoding=\"async\" class=\"alignnone size-medium wp-image-15110\" src=\"http:\/\/www.sana.sy\/es\/wp-content\/uploads\/2014\/12\/114-300x199.jpg\" alt=\"1\" width=\"300\" height=\"199\" srcset=\"https:\/\/archive.sana.sy\/es\/wp-content\/uploads\/2014\/12\/114-300x199.jpg 300w, https:\/\/archive.sana.sy\/es\/wp-content\/uploads\/2014\/12\/114-150x100.jpg 150w, https:\/\/archive.sana.sy\/es\/wp-content\/uploads\/2014\/12\/114.jpg 306w\" sizes=\"(max-width: 300px) 100vw, 300px\" \/><\/a>\u00a0<a href=\"http:\/\/www.sana.sy\/es\/wp-content\/uploads\/2014\/12\/27.jpg\"><img loading=\"lazy\" decoding=\"async\" class=\"alignnone size-medium wp-image-15111\" src=\"http:\/\/www.sana.sy\/es\/wp-content\/uploads\/2014\/12\/27-300x199.jpg\" alt=\"2\" width=\"300\" height=\"199\" srcset=\"https:\/\/archive.sana.sy\/es\/wp-content\/uploads\/2014\/12\/27-300x199.jpg 300w, https:\/\/archive.sana.sy\/es\/wp-content\/uploads\/2014\/12\/27-150x100.jpg 150w, https:\/\/archive.sana.sy\/es\/wp-content\/uploads\/2014\/12\/27.jpg 306w\" sizes=\"(max-width: 300px) 100vw, 300px\" \/><\/a><\/p>\n<p style=\"text-align: justify\"><a href=\"http:\/\/www.sana.sy\/es\/wp-content\/uploads\/2014\/12\/36.jpg\"><img loading=\"lazy\" decoding=\"async\" class=\"alignnone size-medium wp-image-15112\" src=\"http:\/\/www.sana.sy\/es\/wp-content\/uploads\/2014\/12\/36-300x199.jpg\" alt=\"3\" width=\"300\" height=\"199\" srcset=\"https:\/\/archive.sana.sy\/es\/wp-content\/uploads\/2014\/12\/36-300x199.jpg 300w, https:\/\/archive.sana.sy\/es\/wp-content\/uploads\/2014\/12\/36-150x100.jpg 150w, https:\/\/archive.sana.sy\/es\/wp-content\/uploads\/2014\/12\/36.jpg 306w\" sizes=\"(max-width: 300px) 100vw, 300px\" \/><\/a>\u00a0<a href=\"http:\/\/www.sana.sy\/es\/wp-content\/uploads\/2014\/12\/43.jpg\"><img loading=\"lazy\" decoding=\"async\" class=\"alignnone size-medium wp-image-15113\" src=\"http:\/\/www.sana.sy\/es\/wp-content\/uploads\/2014\/12\/43-300x199.jpg\" alt=\"4\" width=\"300\" height=\"199\" srcset=\"https:\/\/archive.sana.sy\/es\/wp-content\/uploads\/2014\/12\/43-300x199.jpg 300w, https:\/\/archive.sana.sy\/es\/wp-content\/uploads\/2014\/12\/43-150x100.jpg 150w, https:\/\/archive.sana.sy\/es\/wp-content\/uploads\/2014\/12\/43.jpg 306w\" sizes=\"(max-width: 300px) 100vw, 300px\" \/><\/a><\/p>\n<p style=\"text-align: justify\"><span style=\"color: #0000ff\">Ghifar Al Ali &amp; Riyad Sh.<\/span><\/p>\n","protected":false},"excerpt":{"rendered":"<p>Damasco, SANA Con motivo de las fiestas de Navidad y Fin de A\u00f1o, el empresario y expatriado sirio, Mazen Terzi, ha organizado hoy una ceremonia ben\u00e9fica a unos 550 ni\u00f1os de los de la Escuela de los Hijos de los M\u00e1rtires y los de orfanatos en el Hotel Sheraton en Damasco, durante el cual fueron &hellip;<\/p>\n","protected":false},"author":1,"featured_media":15109,"comment_status":"closed","ping_status":"closed","sticky":false,"template":"","format":"standard","meta":{"footnotes":""},"categories":[477,597,476],"tags":[3446],"class_list":["post-15108","post","type-post","status-publish","format-standard","has-post-thumbnail","","category-noticias-edulcorantes","category-cinta-de-noticias","category-locales","tag-ceremonia-benefica-a-550-ninos-de-los-hijos-de-martires-y-de-los-orfanatos-en-damasco"],"_links":{"self":[{"href":"https:\/\/archive.sana.sy\/es\/index.php?rest_route=\/wp\/v2\/posts\/15108"}],"collection":[{"href":"https:\/\/archive.sana.sy\/es\/index.php?rest_route=\/wp\/v2\/posts"}],"about":[{"href":"https:\/\/archive.sana.sy\/es\/index.php?rest_route=\/wp\/v2\/types\/post"}],"author":[{"embeddable":true,"href":"https:\/\/archive.sana.sy\/es\/index.php?rest_route=\/wp\/v2\/users\/1"}],"replies":[{"embeddable":true,"href":"https:\/\/archive.sana.sy\/es\/index.php?rest_route=%2Fwp%2Fv2%2Fcomments&post=15108"}],"version-history":[{"count":0,"href":"https:\/\/archive.sana.sy\/es\/index.php?rest_route=\/wp\/v2\/posts\/15108\/revisions"}],"wp:featuredmedia":[{"embeddable":true,"href":"https:\/\/archive.sana.sy\/es\/index.php?rest_route=\/wp\/v2\/media\/15109"}],"wp:attachment":[{"href":"https:\/\/archive.sana.sy\/es\/index.php?rest_route=%2Fwp%2Fv2%2Fmedia&parent=15108"}],"wp:term":[{"taxonomy":"category","embeddable":true,"href":"https:\/\/archive.sana.sy\/es\/index.php?rest_route=%2Fwp%2Fv2%2Fcategories&post=15108"},{"taxonomy":"post_tag","embeddable":true,"href":"https:\/\/archive.sana.sy\/es\/index.php?rest_route=%2Fwp%2Fv2%2Ftags&post=15108"}],"curies":[{"name":"wp","href":"https:\/\/api.w.org\/{rel}","templated":true}]}}