{"id":151234,"date":"2020-08-31T23:15:46","date_gmt":"2020-08-31T20:15:46","guid":{"rendered":"http:\/\/sana.sy\/es\/?p=151234"},"modified":"2020-09-01T11:04:55","modified_gmt":"2020-09-01T08:04:55","slug":"las-defensas-antiaereas-sirias-repelen-una-agresion-israeli-con-misiles-en-el-sur-de-damasco-anuncia-una-fuente-militar","status":"publish","type":"post","link":"https:\/\/archive.sana.sy\/es\/?p=151234","title":{"rendered":"Dos m\u00e1rtires y siete heridos en agresi\u00f3n israel\u00ed, y la defensa antia\u00e9rea intercepta la mayor\u00eda de los misiles (videos)"},"content":{"rendered":"<p><span style=\"color: #800000;\">Damasco, SANA<\/span><\/p>\n<p style=\"text-align: justify;\">Los medios de defensa antia\u00e9rea del Ej\u00e9rcito \u00c1rabe Sirio repelieron una agresi\u00f3n israel\u00ed con misiles lanzados contra el sur de la capital Damasco.<\/p>\n<p style=\"text-align: justify;\">\u201cA las 22:40 PM de este lunes, el enemigo israel\u00ed perpetr\u00f3 desde el Gol\u00e1n sirio ocupado un bombardeo a\u00e9reo contra posiciones militares en el sur de Damasco\u201d, inform\u00f3 una fuente militar.<\/p>\n<p style=\"text-align: justify;\">Agreg\u00f3 que los medios de defensa antia\u00e9rea respondieron a la agresi\u00f3n e interceptaron a la mayor\u00eda de los misiles antes de alcanzar sus blancos.<\/p>\n<p style=\"text-align: justify;\">\u201cLa agresi\u00f3n caus\u00f3 dos m\u00e1rtires y siete soldados heridos, adem\u00e1s de provocar da\u00f1os materiales\u201d, detall\u00f3.<\/p>\n<p>Durante la guerra terrorista impuesta a Siria, el enemigo israel\u00ed perpetr\u00f3 varias agresiones con misiles contra el territorio sirio.<\/p>\n<p>Las defensas antia\u00e9reas interceptaron la mayor\u00eda de los misiles cuyo objetivo es apoyar a las agrupaciones terroristas.<\/p>\n<p><span style=\"color: #0000ff;\">FM\/RR<\/span><\/p>\n<p><iframe loading=\"lazy\" src=\"https:\/\/www.youtube.com\/embed\/CFCj9SkxpOE\" width=\"949\" height=\"522\" frameborder=\"0\" allowfullscreen=\"allowfullscreen\"><\/iframe><\/p>\n<p><iframe loading=\"lazy\" src=\"https:\/\/www.youtube.com\/embed\/Y3B9UdnDqAE\" width=\"949\" height=\"522\" frameborder=\"0\" allowfullscreen=\"allowfullscreen\"><\/iframe><\/p>\n","protected":false},"excerpt":{"rendered":"<p>Damasco, SANA Los medios de defensa antia\u00e9rea del Ej\u00e9rcito \u00c1rabe Sirio repelieron una agresi\u00f3n israel\u00ed con misiles lanzados contra el sur de la capital Damasco. \u201cA las 22:40 PM de este lunes, el enemigo israel\u00ed perpetr\u00f3 desde el Gol\u00e1n sirio ocupado un bombardeo a\u00e9reo contra posiciones militares en el sur de Damasco\u201d, inform\u00f3 una fuente &hellip;<\/p>\n","protected":false},"author":31,"featured_media":151235,"comment_status":"closed","ping_status":"closed","sticky":false,"template":"","format":"standard","meta":{"footnotes":""},"categories":[597,573,476,583],"tags":[],"class_list":["post-151234","post","type-post","status-publish","format-standard","has-post-thumbnail","","category-cinta-de-noticias","category-la-realidad-de-los-acontecimientos-en-siria","category-locales","category-slide"],"_links":{"self":[{"href":"https:\/\/archive.sana.sy\/es\/index.php?rest_route=\/wp\/v2\/posts\/151234"}],"collection":[{"href":"https:\/\/archive.sana.sy\/es\/index.php?rest_route=\/wp\/v2\/posts"}],"about":[{"href":"https:\/\/archive.sana.sy\/es\/index.php?rest_route=\/wp\/v2\/types\/post"}],"author":[{"embeddable":true,"href":"https:\/\/archive.sana.sy\/es\/index.php?rest_route=\/wp\/v2\/users\/31"}],"replies":[{"embeddable":true,"href":"https:\/\/archive.sana.sy\/es\/index.php?rest_route=%2Fwp%2Fv2%2Fcomments&post=151234"}],"version-history":[{"count":0,"href":"https:\/\/archive.sana.sy\/es\/index.php?rest_route=\/wp\/v2\/posts\/151234\/revisions"}],"wp:featuredmedia":[{"embeddable":true,"href":"https:\/\/archive.sana.sy\/es\/index.php?rest_route=\/wp\/v2\/media\/151235"}],"wp:attachment":[{"href":"https:\/\/archive.sana.sy\/es\/index.php?rest_route=%2Fwp%2Fv2%2Fmedia&parent=151234"}],"wp:term":[{"taxonomy":"category","embeddable":true,"href":"https:\/\/archive.sana.sy\/es\/index.php?rest_route=%2Fwp%2Fv2%2Fcategories&post=151234"},{"taxonomy":"post_tag","embeddable":true,"href":"https:\/\/archive.sana.sy\/es\/index.php?rest_route=%2Fwp%2Fv2%2Ftags&post=151234"}],"curies":[{"name":"wp","href":"https:\/\/api.w.org\/{rel}","templated":true}]}}