{"id":15133,"date":"2014-12-28T15:06:24","date_gmt":"2014-12-28T13:06:24","guid":{"rendered":"http:\/\/sana.sy\/es\/?p=15133"},"modified":"2014-12-29T19:06:22","modified_gmt":"2014-12-29T17:06:22","slug":"al-laham-llama-a-asumir-responsabilidades-ante-los-grandes-retos-a-los-que-se-enfrenta-el-pueblo-sirio","status":"publish","type":"post","link":"https:\/\/archive.sana.sy\/es\/?p=15133","title":{"rendered":"Al-Laham llama a asumir responsabilidades ante los grandes retos a los que se enfrenta el pueblo sirio"},"content":{"rendered":"<p>Damasco, SANA<\/p>\n<p>El presidente de la Asamblea del Pueblo, Mohamad Yihad al-Laham afirm\u00f3 en la sesi\u00f3n final del primer periodo legislativo del octavo ciclo legislativo de la Asamblea, que el pueblo sirio se enfrenta a grandes retos y peligros, por lo tanto el gobierno y el Parlamento asumen grandes responsabilidades.<\/p>\n<p>En la sesi\u00f3n final a la que acudi\u00f3 el primer ministro, Wael al-Halqui y los ministros del gabinete, al-Laham inst\u00f3 a garantizar las necesidades b\u00e1sicas de los ciudadanos, llamando a tomar lecciones de los errores y mejorar el rendimiento de los establecimientos estatales.<\/p>\n<p>El presidente del Parlamento se\u00f1al\u00f3 que en la sesi\u00f3n de este domingo se evaluar\u00e1n las medidas tomadas por el gobierno para mejorar la vida cotidiana y la situaci\u00f3n econ\u00f3mica de los ciudadanos.<\/p>\n<p>Por otro lado, al-Laham hizo referencia a la resistencia del pueblo y ej\u00e9rcito frente a la guerra terrorista y econ\u00f3mica librada contra el pa\u00eds.<\/p>\n<p>Asimismo enfatiz\u00f3 que el Estado sirio ha abogado desde el inicio de la crisis por un di\u00e1logo intersirio lejos de la injerencia extranjera, exigiendo a la vez agilizar el proceso de reconciliaci\u00f3n y ampliarlo para que alcance nuevas zonas, as\u00ed como sumar los esfuerzos oficiales a los civiles para conseguir mejores resultados al respecto.<\/p>\n<p>A su vez, el Primer Ministro afirm\u00f3 en una palabra pronunciada ante la Asamblea que el gobierno seguir\u00e1 luchando contra el terrorismo dondequiera que exista en el territorio sirio hasta restaurar la seguridad en el pa\u00eds y garantizar el regreso de los ciudadanos a sus zonas originales.<\/p>\n<p>El jefe del Ejecutivo continu\u00f3 diciendo que el gobierno seguir\u00e1 garantizando el apoyo necesario a las fuerzas armadas y las fuerzas de seguridad interna, y las familias de los m\u00e1rtires y heridos de guerra.<\/p>\n<p>Asimismo hizo hincapi\u00e9 en que el gabinete continuar\u00e1 promoviendo todos los esfuerzos destinados a lograr una reconciliaci\u00f3n nacional plena, as\u00ed como intensificar\u00e1 los env\u00edos humanitarios a todas las \u00e1reas sirias.<\/p>\n<p>Al-Halqui puso de relieve que el gobierno trabaja para establecer un sistema de protecci\u00f3n de las categor\u00edas m\u00e1s afectadas por la guerra, resaltando que el mismo destin\u00f3 12.8 mil millones de libras sirias para llevar a cabo y rehabilitar proyectos dentro del plan de emergencia de los ministerios; as\u00ed como asign\u00f3 13.1 mil millones de libras como indemnizaci\u00f3n de da\u00f1os en todas las provincias, y otros 50 mil millones del presupuesto del a\u00f1o 2015 para la reconstrucci\u00f3n y la rehabilitaci\u00f3n de la infraestructura.<\/p>\n<p>El Primer Ministro destac\u00f3 que el gobierno se esfuerza para bajar el coste de vida de los ciudadanos, pese a las injustas sanciones econ\u00f3micas, y para incrementar el volumen de las exportaciones sirias con el fin de conseguir recursos adicionales.<\/p>\n<p>En el mismo contexto, al-Halqui explic\u00f3 que el gabinete seguir\u00e1 racionalizado la subvenci\u00f3n de algunos productos y servicios y destinarla a las categor\u00edas m\u00e1s depauperadas, as\u00ed como prestar\u00e1 m\u00e1s atenci\u00f3n al desarrollo de la peque\u00f1a y mediana empresas, y a la producci\u00f3n industrial, agr\u00edcola para lograr la seguridad alimentaria.<\/p>\n<p>Al-Halqui afirm\u00f3 que el gobierno proseguir\u00e1 el proyecto de reforma administrativa y judicial, el desarrollo administrativo y la lucha contra la corrupci\u00f3n.<\/p>\n<p>El jefe del gabinete resalt\u00f3 que el gobierno reforzar\u00e1 sus relaciones con los pa\u00edses amigos sobre todo el grupo BRICS y la Rep\u00fablica Isl\u00e1mica de Ir\u00e1n, aclarando que Siria acoge con benepl\u00e1cito toda iniciativa encaminada a poner fin a la crisis, que respeta la unidad de Siria y su pueblo; la \u00faltima ha sido el planteamiento del enviado especial de la ONU, Staffan de Mistura.<\/p>\n<p>Asimismo aclar\u00f3 que el gobierno sirio acept\u00f3 la iniciativa rusa de celebrar una reuni\u00f3n consultiva entre el gobierno sirio y la oposici\u00f3n nacional en Mosc\u00fa en el marco de dar con un arreglo pol\u00edtico de la crisis lejos de la injerencia extranjera.<\/p>\n<p>Al-Halqui elogi\u00f3 el papel del Parlamento sirio en mantener contacto con los parlamentos de los pa\u00edses amigos para movilizar esfuerzos internacionales a fin de hacer frente a la ideolog\u00eda terrorista y extremista, as\u00ed como ensalz\u00f3 su rol en realizar reconciliaciones nacionales en varias provincias del pa\u00eds.<\/p>\n<p>Lynn A., Riyad Sh.<\/p>\n<p>&nbsp;<\/p>\n","protected":false},"excerpt":{"rendered":"<p>Damasco, SANA El presidente de la Asamblea del Pueblo, Mohamad Yihad al-Laham afirm\u00f3 en la sesi\u00f3n final del primer periodo legislativo del octavo ciclo legislativo de la Asamblea, que el pueblo sirio se enfrenta a grandes retos y peligros, por lo tanto el gobierno y el Parlamento asumen grandes responsabilidades. En la sesi\u00f3n final a &hellip;<\/p>\n","protected":false},"author":24,"featured_media":11704,"comment_status":"closed","ping_status":"closed","sticky":false,"template":"","format":"standard","meta":{"footnotes":""},"categories":[477,476],"tags":[3452],"class_list":["post-15133","post","type-post","status-publish","format-standard","has-post-thumbnail","","category-noticias-edulcorantes","category-locales","tag-al-laham-llama-a-asumir-responsabilidades-ante-los-grandes-retos-a-los-que-se-enfrenta-el-pueblo-sirio"],"_links":{"self":[{"href":"https:\/\/archive.sana.sy\/es\/index.php?rest_route=\/wp\/v2\/posts\/15133"}],"collection":[{"href":"https:\/\/archive.sana.sy\/es\/index.php?rest_route=\/wp\/v2\/posts"}],"about":[{"href":"https:\/\/archive.sana.sy\/es\/index.php?rest_route=\/wp\/v2\/types\/post"}],"author":[{"embeddable":true,"href":"https:\/\/archive.sana.sy\/es\/index.php?rest_route=\/wp\/v2\/users\/24"}],"replies":[{"embeddable":true,"href":"https:\/\/archive.sana.sy\/es\/index.php?rest_route=%2Fwp%2Fv2%2Fcomments&post=15133"}],"version-history":[{"count":0,"href":"https:\/\/archive.sana.sy\/es\/index.php?rest_route=\/wp\/v2\/posts\/15133\/revisions"}],"wp:featuredmedia":[{"embeddable":true,"href":"https:\/\/archive.sana.sy\/es\/index.php?rest_route=\/wp\/v2\/media\/11704"}],"wp:attachment":[{"href":"https:\/\/archive.sana.sy\/es\/index.php?rest_route=%2Fwp%2Fv2%2Fmedia&parent=15133"}],"wp:term":[{"taxonomy":"category","embeddable":true,"href":"https:\/\/archive.sana.sy\/es\/index.php?rest_route=%2Fwp%2Fv2%2Fcategories&post=15133"},{"taxonomy":"post_tag","embeddable":true,"href":"https:\/\/archive.sana.sy\/es\/index.php?rest_route=%2Fwp%2Fv2%2Ftags&post=15133"}],"curies":[{"name":"wp","href":"https:\/\/api.w.org\/{rel}","templated":true}]}}