{"id":151473,"date":"2020-09-02T21:00:41","date_gmt":"2020-09-02T18:00:41","guid":{"rendered":"http:\/\/sana.sy\/es\/?p=151473"},"modified":"2023-01-12T14:43:21","modified_gmt":"2023-01-12T12:43:21","slug":"nueva-jornada-de-agresiones-y-arrestos-israelies-contra-los-palestinos","status":"publish","type":"post","link":"https:\/\/archive.sana.sy\/es\/?p=151473","title":{"rendered":"Nueva jornada de agresiones y arrestos israel\u00edes contra los palestinos"},"content":{"rendered":"<p><span style=\"color: #800000;\">Jerusal\u00e9n ocupada, SANA<\/span><\/p>\n<p style=\"text-align: justify;\">Tres palestinos resultaron heridos por agresiones de las fuerzas de ocupaci\u00f3n israel\u00edes que tuvieron lugar en Cisjordania, seg\u00fan informaron medios locales palestinos.<\/p>\n<p style=\"text-align: justify;\">La agencia de prensa palestina WAFA detall\u00f3 que \u201clas fuerzas de ocupaci\u00f3n estacionadas en uno de sus puestos de control en el campamento de Aida, al norte de Bel\u00e9n, abrieron fuego contra un joven palestino y lo hirieron en el pie, adem\u00e1s de herir a otro palestino durante el asalto a la aldea de Muthalath al-Shuhada, al sur de Jenin\u201d.<\/p>\n<p style=\"text-align: justify;\">Adem\u00e1s, un tercer palestino result\u00f3 herido por balas israel\u00edes, al sur de Naplusa.<\/p>\n<p style=\"text-align: justify;\"><em><span style=\"color: #0000ff;\">Fuerzas israel\u00edes arrestan a 3 palestinos en Cisjordania<\/span><\/em><\/p>\n<p style=\"text-align: justify;\">Durante esta jornada del mi\u00e9rcoles, las fuerzas israel\u00edes arrestaron a tres palestinos en diferentes \u00e1reas de Cisjordania.<\/p>\n<p style=\"text-align: justify;\">&#8220;Soldados de ocupaci\u00f3n israel\u00edes irrumpieron en el \u00e1rea de al-Fardis al este de Bel\u00e9n, la aldea de Yatta, al sur de Hebr\u00f3n, y la aldea de Triangle al-Shuhada, al sur de Jenin, y registraron casas palestinas antes de arrestar a tres j\u00f3venes&#8221;, inform\u00f3 el medio palestino WAFA.<\/p>\n<p><em>m.m<\/em><\/p>\n","protected":false},"excerpt":{"rendered":"<p>Jerusal\u00e9n ocupada, SANA Tres palestinos resultaron heridos por agresiones de las fuerzas de ocupaci\u00f3n israel\u00edes que tuvieron lugar en Cisjordania, seg\u00fan informaron medios locales palestinos. La agencia de prensa palestina WAFA detall\u00f3 que \u201clas fuerzas de ocupaci\u00f3n estacionadas en uno de sus puestos de control en el campamento de Aida, al norte de Bel\u00e9n, abrieron &hellip;<\/p>\n","protected":false},"author":36,"featured_media":151474,"comment_status":"closed","ping_status":"closed","sticky":false,"template":"","format":"standard","meta":{"footnotes":""},"categories":[597,456,457],"tags":[],"class_list":["post-151473","post","type-post","status-publish","format-standard","has-post-thumbnail","","category-cinta-de-noticias","category-arabe-internacional-politica","category-noticias-arabe-internacional-politica"],"_links":{"self":[{"href":"https:\/\/archive.sana.sy\/es\/index.php?rest_route=\/wp\/v2\/posts\/151473"}],"collection":[{"href":"https:\/\/archive.sana.sy\/es\/index.php?rest_route=\/wp\/v2\/posts"}],"about":[{"href":"https:\/\/archive.sana.sy\/es\/index.php?rest_route=\/wp\/v2\/types\/post"}],"author":[{"embeddable":true,"href":"https:\/\/archive.sana.sy\/es\/index.php?rest_route=\/wp\/v2\/users\/36"}],"replies":[{"embeddable":true,"href":"https:\/\/archive.sana.sy\/es\/index.php?rest_route=%2Fwp%2Fv2%2Fcomments&post=151473"}],"version-history":[{"count":0,"href":"https:\/\/archive.sana.sy\/es\/index.php?rest_route=\/wp\/v2\/posts\/151473\/revisions"}],"wp:featuredmedia":[{"embeddable":true,"href":"https:\/\/archive.sana.sy\/es\/index.php?rest_route=\/wp\/v2\/media\/151474"}],"wp:attachment":[{"href":"https:\/\/archive.sana.sy\/es\/index.php?rest_route=%2Fwp%2Fv2%2Fmedia&parent=151473"}],"wp:term":[{"taxonomy":"category","embeddable":true,"href":"https:\/\/archive.sana.sy\/es\/index.php?rest_route=%2Fwp%2Fv2%2Fcategories&post=151473"},{"taxonomy":"post_tag","embeddable":true,"href":"https:\/\/archive.sana.sy\/es\/index.php?rest_route=%2Fwp%2Fv2%2Ftags&post=151473"}],"curies":[{"name":"wp","href":"https:\/\/api.w.org\/{rel}","templated":true}]}}