{"id":151517,"date":"2020-09-03T11:34:21","date_gmt":"2020-09-03T08:34:21","guid":{"rendered":"http:\/\/sana.sy\/es\/?p=151517"},"modified":"2023-01-12T14:43:20","modified_gmt":"2023-01-12T12:43:20","slug":"atacan-con-cohete-a-sede-de-empresa-de-seguridad-britanica-en-bagdad","status":"publish","type":"post","link":"https:\/\/archive.sana.sy\/es\/?p=151517","title":{"rendered":"Atacan con cohete a sede de empresa de seguridad brit\u00e1nica en Bagdad"},"content":{"rendered":"<p style=\"text-align: justify;\"><span style=\"color: #800000;\"><strong>Bagdad, SANA<\/strong><\/span><\/p>\n<p style=\"text-align: justify;\">Las fuerzas de seguridad iraqu\u00edes anunciaron hoy que la sede de una compa\u00f1\u00eda de seguridad brit\u00e1nica en la capital iraqu\u00ed, Bagdad, hab\u00eda sido atacada con un cohete tipo Katyusha.<\/p>\n<p style=\"text-align: justify;\">&#8220;Personas no identificadas atacaron la sede de una empresa de seguridad brit\u00e1nica en el barrio de Qadisiyah de la capital, Bagdad\u201d, informaron medios iraqu\u00edes.<\/p>\n<p>Indicaron que el impacto del misil provoc\u00f3 graves da\u00f1os materiales, sin conocer a\u00fan si hubo p\u00e9rdidas humanas.<\/p>\n<p style=\"text-align: justify;\"><strong><span style=\"color: #0000ff;\">F.M\/ E.D<\/span><\/strong><\/p>\n","protected":false},"excerpt":{"rendered":"<p>Bagdad, SANA Las fuerzas de seguridad iraqu\u00edes anunciaron hoy que la sede de una compa\u00f1\u00eda de seguridad brit\u00e1nica en la capital iraqu\u00ed, Bagdad, hab\u00eda sido atacada con un cohete tipo Katyusha. &#8220;Personas no identificadas atacaron la sede de una empresa de seguridad brit\u00e1nica en el barrio de Qadisiyah de la capital, Bagdad\u201d, informaron medios iraqu\u00edes. &hellip;<\/p>\n","protected":false},"author":32,"featured_media":151518,"comment_status":"closed","ping_status":"closed","sticky":false,"template":"","format":"standard","meta":{"footnotes":""},"categories":[597,456],"tags":[],"class_list":["post-151517","post","type-post","status-publish","format-standard","has-post-thumbnail","","category-cinta-de-noticias","category-arabe-internacional-politica"],"_links":{"self":[{"href":"https:\/\/archive.sana.sy\/es\/index.php?rest_route=\/wp\/v2\/posts\/151517"}],"collection":[{"href":"https:\/\/archive.sana.sy\/es\/index.php?rest_route=\/wp\/v2\/posts"}],"about":[{"href":"https:\/\/archive.sana.sy\/es\/index.php?rest_route=\/wp\/v2\/types\/post"}],"author":[{"embeddable":true,"href":"https:\/\/archive.sana.sy\/es\/index.php?rest_route=\/wp\/v2\/users\/32"}],"replies":[{"embeddable":true,"href":"https:\/\/archive.sana.sy\/es\/index.php?rest_route=%2Fwp%2Fv2%2Fcomments&post=151517"}],"version-history":[{"count":0,"href":"https:\/\/archive.sana.sy\/es\/index.php?rest_route=\/wp\/v2\/posts\/151517\/revisions"}],"wp:featuredmedia":[{"embeddable":true,"href":"https:\/\/archive.sana.sy\/es\/index.php?rest_route=\/wp\/v2\/media\/151518"}],"wp:attachment":[{"href":"https:\/\/archive.sana.sy\/es\/index.php?rest_route=%2Fwp%2Fv2%2Fmedia&parent=151517"}],"wp:term":[{"taxonomy":"category","embeddable":true,"href":"https:\/\/archive.sana.sy\/es\/index.php?rest_route=%2Fwp%2Fv2%2Fcategories&post=151517"},{"taxonomy":"post_tag","embeddable":true,"href":"https:\/\/archive.sana.sy\/es\/index.php?rest_route=%2Fwp%2Fv2%2Ftags&post=151517"}],"curies":[{"name":"wp","href":"https:\/\/api.w.org\/{rel}","templated":true}]}}