{"id":151520,"date":"2020-09-03T12:03:11","date_gmt":"2020-09-03T09:03:11","guid":{"rendered":"http:\/\/sana.sy\/es\/?p=151520"},"modified":"2023-01-12T14:43:20","modified_gmt":"2023-01-12T12:43:20","slug":"fuerzas-israelies-detienen-a-10-palestinos-en-cisjordania","status":"publish","type":"post","link":"https:\/\/archive.sana.sy\/es\/?p=151520","title":{"rendered":"Fuerzas israel\u00edes detienen a 10 palestinos en Cisjordania"},"content":{"rendered":"<p style=\"text-align: justify;\"><span style=\"color: #800000;\"><strong>Jerusal\u00e9n ocupada, SANA<\/strong> <\/span><\/p>\n<p style=\"text-align: justify;\">Los soldados sionistas arrestaron hoy a 10 palestinos en diversas \u00e1reas de Cisjordania.<\/p>\n<p style=\"text-align: justify;\">Seg\u00fan difundi\u00f3 la agencia palestina Ma\u2019an, las fuerzas de ocupaci\u00f3n israel\u00edes allanaron las ciudades y pueblos en Ramallah, Nablus, Tulkarm y Tubas, e irrumpieron las casas palestinas y arrestaron a decenas de sus habitantes.<\/p>\n<p style=\"text-align: justify;\">Las fuerzas de ocupaci\u00f3n israel\u00edes contin\u00faan sus pr\u00e1cticas agresivas contra los palestinos asaltando sus ciudades y pueblos, y lanzando campa\u00f1as diarias de arrestos arbitrarios con el objetivo de desplazarlos y apoderarse de sus tierras y judaizarlas.<\/p>\n<p style=\"text-align: justify;\"><span style=\"color: #0000ff;\"><strong>E.D\/ F.M<\/strong><\/span><\/p>\n","protected":false},"excerpt":{"rendered":"<p>Jerusal\u00e9n ocupada, SANA Los soldados sionistas arrestaron hoy a 10 palestinos en diversas \u00e1reas de Cisjordania. Seg\u00fan difundi\u00f3 la agencia palestina Ma\u2019an, las fuerzas de ocupaci\u00f3n israel\u00edes allanaron las ciudades y pueblos en Ramallah, Nablus, Tulkarm y Tubas, e irrumpieron las casas palestinas y arrestaron a decenas de sus habitantes. Las fuerzas de ocupaci\u00f3n israel\u00edes &hellip;<\/p>\n","protected":false},"author":32,"featured_media":151521,"comment_status":"closed","ping_status":"closed","sticky":false,"template":"","format":"standard","meta":{"footnotes":""},"categories":[597,456],"tags":[],"class_list":["post-151520","post","type-post","status-publish","format-standard","has-post-thumbnail","","category-cinta-de-noticias","category-arabe-internacional-politica"],"_links":{"self":[{"href":"https:\/\/archive.sana.sy\/es\/index.php?rest_route=\/wp\/v2\/posts\/151520"}],"collection":[{"href":"https:\/\/archive.sana.sy\/es\/index.php?rest_route=\/wp\/v2\/posts"}],"about":[{"href":"https:\/\/archive.sana.sy\/es\/index.php?rest_route=\/wp\/v2\/types\/post"}],"author":[{"embeddable":true,"href":"https:\/\/archive.sana.sy\/es\/index.php?rest_route=\/wp\/v2\/users\/32"}],"replies":[{"embeddable":true,"href":"https:\/\/archive.sana.sy\/es\/index.php?rest_route=%2Fwp%2Fv2%2Fcomments&post=151520"}],"version-history":[{"count":0,"href":"https:\/\/archive.sana.sy\/es\/index.php?rest_route=\/wp\/v2\/posts\/151520\/revisions"}],"wp:featuredmedia":[{"embeddable":true,"href":"https:\/\/archive.sana.sy\/es\/index.php?rest_route=\/wp\/v2\/media\/151521"}],"wp:attachment":[{"href":"https:\/\/archive.sana.sy\/es\/index.php?rest_route=%2Fwp%2Fv2%2Fmedia&parent=151520"}],"wp:term":[{"taxonomy":"category","embeddable":true,"href":"https:\/\/archive.sana.sy\/es\/index.php?rest_route=%2Fwp%2Fv2%2Fcategories&post=151520"},{"taxonomy":"post_tag","embeddable":true,"href":"https:\/\/archive.sana.sy\/es\/index.php?rest_route=%2Fwp%2Fv2%2Ftags&post=151520"}],"curies":[{"name":"wp","href":"https:\/\/api.w.org\/{rel}","templated":true}]}}