{"id":151554,"date":"2020-09-03T20:24:15","date_gmt":"2020-09-03T17:24:15","guid":{"rendered":"http:\/\/sana.sy\/es\/?p=151554"},"modified":"2020-09-03T20:24:15","modified_gmt":"2020-09-03T17:24:15","slug":"las-sanciones-occidentales-influyen-negativamente-en-la-resolucion-de-la-crisis-en-siria","status":"publish","type":"post","link":"https:\/\/archive.sana.sy\/es\/?p=151554","title":{"rendered":"Las sanciones occidentales influyen negativamente en la resoluci\u00f3n de la crisis en Siria"},"content":{"rendered":"<p style=\"font-weight: 400; text-align: justify;\"><span style=\"color: #800000;\"><strong>Mosc\u00fa, SANA<\/strong><\/span><\/p>\n<p style=\"font-weight: 400; text-align: justify;\">El ministerio de Defensa ruso Sergey Shoigu afirm\u00f3 que las sanciones occidentales impuestas a Siria afectan negativamente cualquier avance hacia la resoluci\u00f3n de la crisis en ese pa\u00eds.<\/p>\n<p style=\"font-weight: 400; text-align: justify;\">Durante su reuni\u00f3n de hoy en Mosc\u00fa con el enviado especial de la ONU para Siria, Geir Pedersen, Shoigu dijo que &#8220;hay factores que repercuten negativamente en la resoluci\u00f3n de la crisis en Siria, en la lucha antiterrorista y en la reconstrucci\u00f3n, en particular las sanciones occidentales, la violaci\u00f3n de la soberan\u00eda de Siria, el saqueo de su riqueza y las limitaciones debidas a la propagaci\u00f3n del coronavirus&#8221;.<\/p>\n<p style=\"font-weight: 400; text-align: justify;\">Adem\u00e1s, destac\u00f3 los esfuerzos realizados por el gobierno sirio para superar todas las dificultades y dijo: \u201cEs dif\u00edcil entender la l\u00f3gica de los pa\u00edses occidentales que afirman que se preocupan por el pueblo sirio mientras le imponen\u00a0\u00a0sanciones al prohibir la importaci\u00f3n de medicamentos y alimentos y al obstaculizar el regreso de las personas desplazadas\u201d.<\/p>\n<p style=\"font-weight: 400; text-align: justify;\">Sergei Lavrov, recalc\u00f3 la necesidad de alcanzar una soluci\u00f3n pol\u00edtica a la crisis en Siria en virtud de la resoluci\u00f3n no. 2254 de la ONU y mediante un di\u00e1logo sirio-sirio, sin ninguna interferencia extranjera.<\/p>\n<p style=\"text-align: justify;\"><span style=\"color: #0000ff;\"><strong>E.D.\/ R. Sh.\/ A. H.<\/strong><\/span><\/p>\n","protected":false},"excerpt":{"rendered":"<p>Mosc\u00fa, SANA El ministerio de Defensa ruso Sergey Shoigu afirm\u00f3 que las sanciones occidentales impuestas a Siria afectan negativamente cualquier avance hacia la resoluci\u00f3n de la crisis en ese pa\u00eds. Durante su reuni\u00f3n de hoy en Mosc\u00fa con el enviado especial de la ONU para Siria, Geir Pedersen, Shoigu dijo que &#8220;hay factores que repercuten &hellip;<\/p>\n","protected":false},"author":30,"featured_media":151555,"comment_status":"closed","ping_status":"closed","sticky":false,"template":"","format":"standard","meta":{"footnotes":""},"categories":[597,467],"tags":[18251],"class_list":["post-151554","post","type-post","status-publish","format-standard","has-post-thumbnail","","category-cinta-de-noticias","category-siria-y-el-mundo","tag-las-sanciones-occidentales-influyen-negativamente-en-la-resolucion-de-la-crisis-en-siria"],"_links":{"self":[{"href":"https:\/\/archive.sana.sy\/es\/index.php?rest_route=\/wp\/v2\/posts\/151554"}],"collection":[{"href":"https:\/\/archive.sana.sy\/es\/index.php?rest_route=\/wp\/v2\/posts"}],"about":[{"href":"https:\/\/archive.sana.sy\/es\/index.php?rest_route=\/wp\/v2\/types\/post"}],"author":[{"embeddable":true,"href":"https:\/\/archive.sana.sy\/es\/index.php?rest_route=\/wp\/v2\/users\/30"}],"replies":[{"embeddable":true,"href":"https:\/\/archive.sana.sy\/es\/index.php?rest_route=%2Fwp%2Fv2%2Fcomments&post=151554"}],"version-history":[{"count":0,"href":"https:\/\/archive.sana.sy\/es\/index.php?rest_route=\/wp\/v2\/posts\/151554\/revisions"}],"wp:featuredmedia":[{"embeddable":true,"href":"https:\/\/archive.sana.sy\/es\/index.php?rest_route=\/wp\/v2\/media\/151555"}],"wp:attachment":[{"href":"https:\/\/archive.sana.sy\/es\/index.php?rest_route=%2Fwp%2Fv2%2Fmedia&parent=151554"}],"wp:term":[{"taxonomy":"category","embeddable":true,"href":"https:\/\/archive.sana.sy\/es\/index.php?rest_route=%2Fwp%2Fv2%2Fcategories&post=151554"},{"taxonomy":"post_tag","embeddable":true,"href":"https:\/\/archive.sana.sy\/es\/index.php?rest_route=%2Fwp%2Fv2%2Ftags&post=151554"}],"curies":[{"name":"wp","href":"https:\/\/api.w.org\/{rel}","templated":true}]}}