{"id":151562,"date":"2020-09-03T21:00:14","date_gmt":"2020-09-03T18:00:14","guid":{"rendered":"http:\/\/sana.sy\/es\/?p=151562"},"modified":"2020-09-03T21:00:14","modified_gmt":"2020-09-03T18:00:14","slug":"la-presencia-de-las-fuerzas-de-ocupacion-estadounidenses-en-siria-crea-focos-de-tension-en-la-region-afirman-siria-y-rusia","status":"publish","type":"post","link":"https:\/\/archive.sana.sy\/es\/?p=151562","title":{"rendered":"&#8220;La presencia de las fuerzas de ocupaci\u00f3n estadounidenses en Siria\u00a0 crea focos de tensi\u00f3n en la regi\u00f3n&#8221;, afirman Siria y Rusia"},"content":{"rendered":"<p style=\"text-align: justify;\"><span style=\"color: #800000;\"><strong>Mosc\u00fa, SANA<\/strong><\/span><\/p>\n<p style=\"text-align: justify;\">Siria y Rusia confirmaron que la presencia ilegal de las tropas de ocupaci\u00f3n estadounidenses en el territorio del estado soberano sirio crea focos de tensi\u00f3n inflamables en la regi\u00f3n.<\/p>\n<p style=\"text-align: justify;\">Asimismo destacaron que la suscripci\u00f3n de transacciones y convenios entre Washington y la milicia separatista &#8220;FDS&#8221; constituye una actitud ilegal e ileg\u00edtima.<\/p>\n<p style=\"text-align: justify;\">Los \u00f3rganos de coordinaci\u00f3n intergubernamentales sirio y ruso dijeron hoy en una declaraci\u00f3n conjunta que una de las serias razones de preocupaci\u00f3n hoy en d\u00eda es la situaci\u00f3n emergente en el nordeste de Siria debido a la presencia ilegal de los Estados Unidos y sus aliados en el territorio del estado soberano sirio, lo que crea focos de tensi\u00f3n incendiarios en la regi\u00f3n.<\/p>\n<p style=\"text-align: justify;\">La declaraci\u00f3n a\u00f1adi\u00f3 que el brillante ejemplo de provocar los focos de tensi\u00f3n es la concertaci\u00f3n de acuerdos entre las milicias separatistas &#8220;FDS&#8221; en el noreste de Siria y una compa\u00f1\u00eda petrolera estadounidense para cooperar en el campo de la extracci\u00f3n y venta de petr\u00f3leo sirio.<\/p>\n<p style=\"text-align: justify;\">La declaraci\u00f3n subray\u00f3 que estas transacciones violan las reglas del derecho internacional y violan la soberan\u00eda y la integridad territorial de Siria.<\/p>\n<p style=\"text-align: justify;\"><span style=\"color: #0000ff;\"><strong>A. H.\/ R. Sh.<\/strong><\/span><\/p>\n","protected":false},"excerpt":{"rendered":"<p>Mosc\u00fa, SANA Siria y Rusia confirmaron que la presencia ilegal de las tropas de ocupaci\u00f3n estadounidenses en el territorio del estado soberano sirio crea focos de tensi\u00f3n inflamables en la regi\u00f3n. Asimismo destacaron que la suscripci\u00f3n de transacciones y convenios entre Washington y la milicia separatista &#8220;FDS&#8221; constituye una actitud ilegal e ileg\u00edtima. Los \u00f3rganos &hellip;<\/p>\n","protected":false},"author":30,"featured_media":151563,"comment_status":"closed","ping_status":"closed","sticky":false,"template":"","format":"standard","meta":{"footnotes":""},"categories":[597,467,7541],"tags":[18254,18255],"class_list":["post-151562","post","type-post","status-publish","format-standard","has-post-thumbnail","","category-cinta-de-noticias","category-siria-y-el-mundo","category-ultimas-noticias","tag-la-presencia-de-las-fuerzas-de-ocupacion-estadounidenses-en-siria-crea-focos-de-tension-en-la-region","tag-afirman-siria-y-rusia"],"_links":{"self":[{"href":"https:\/\/archive.sana.sy\/es\/index.php?rest_route=\/wp\/v2\/posts\/151562"}],"collection":[{"href":"https:\/\/archive.sana.sy\/es\/index.php?rest_route=\/wp\/v2\/posts"}],"about":[{"href":"https:\/\/archive.sana.sy\/es\/index.php?rest_route=\/wp\/v2\/types\/post"}],"author":[{"embeddable":true,"href":"https:\/\/archive.sana.sy\/es\/index.php?rest_route=\/wp\/v2\/users\/30"}],"replies":[{"embeddable":true,"href":"https:\/\/archive.sana.sy\/es\/index.php?rest_route=%2Fwp%2Fv2%2Fcomments&post=151562"}],"version-history":[{"count":0,"href":"https:\/\/archive.sana.sy\/es\/index.php?rest_route=\/wp\/v2\/posts\/151562\/revisions"}],"wp:featuredmedia":[{"embeddable":true,"href":"https:\/\/archive.sana.sy\/es\/index.php?rest_route=\/wp\/v2\/media\/151563"}],"wp:attachment":[{"href":"https:\/\/archive.sana.sy\/es\/index.php?rest_route=%2Fwp%2Fv2%2Fmedia&parent=151562"}],"wp:term":[{"taxonomy":"category","embeddable":true,"href":"https:\/\/archive.sana.sy\/es\/index.php?rest_route=%2Fwp%2Fv2%2Fcategories&post=151562"},{"taxonomy":"post_tag","embeddable":true,"href":"https:\/\/archive.sana.sy\/es\/index.php?rest_route=%2Fwp%2Fv2%2Ftags&post=151562"}],"curies":[{"name":"wp","href":"https:\/\/api.w.org\/{rel}","templated":true}]}}