{"id":151875,"date":"2020-09-06T18:56:06","date_gmt":"2020-09-06T15:56:06","guid":{"rendered":"http:\/\/sana.sy\/es\/?p=151875"},"modified":"2020-09-06T18:56:06","modified_gmt":"2020-09-06T15:56:06","slug":"ultima-hora-una-delegacion-rusa-de-alto-nivel-encabezada-por-el-viceprimer-ministro-yuri-borisov-llego-al-aeropuerto-internacional-de-damasco-en-una-visita-destinada-a-mantener-conversaciones-con-los","status":"publish","type":"post","link":"https:\/\/archive.sana.sy\/es\/?p=151875","title":{"rendered":"\u00daLTIMA HORA: Una delegaci\u00f3n rusa de alto nivel encabezada por el viceprimer ministro Yuri Borisov lleg\u00f3 al Aeropuerto Internacional de Damasco en una visita destinada a mantener conversaciones con los funcionarios sirios sobre el desarrollo y el fortalecimiento de la cooperaci\u00f3n bilateral en varios campos."},"content":{"rendered":"","protected":false},"excerpt":{"rendered":"","protected":false},"author":32,"featured_media":0,"comment_status":"closed","ping_status":"closed","sticky":false,"template":"","format":"standard","meta":{"footnotes":""},"categories":[596],"tags":[],"class_list":["post-151875","post","type-post","status-publish","format-standard","","category-urgente"],"_links":{"self":[{"href":"https:\/\/archive.sana.sy\/es\/index.php?rest_route=\/wp\/v2\/posts\/151875"}],"collection":[{"href":"https:\/\/archive.sana.sy\/es\/index.php?rest_route=\/wp\/v2\/posts"}],"about":[{"href":"https:\/\/archive.sana.sy\/es\/index.php?rest_route=\/wp\/v2\/types\/post"}],"author":[{"embeddable":true,"href":"https:\/\/archive.sana.sy\/es\/index.php?rest_route=\/wp\/v2\/users\/32"}],"replies":[{"embeddable":true,"href":"https:\/\/archive.sana.sy\/es\/index.php?rest_route=%2Fwp%2Fv2%2Fcomments&post=151875"}],"version-history":[{"count":0,"href":"https:\/\/archive.sana.sy\/es\/index.php?rest_route=\/wp\/v2\/posts\/151875\/revisions"}],"wp:attachment":[{"href":"https:\/\/archive.sana.sy\/es\/index.php?rest_route=%2Fwp%2Fv2%2Fmedia&parent=151875"}],"wp:term":[{"taxonomy":"category","embeddable":true,"href":"https:\/\/archive.sana.sy\/es\/index.php?rest_route=%2Fwp%2Fv2%2Fcategories&post=151875"},{"taxonomy":"post_tag","embeddable":true,"href":"https:\/\/archive.sana.sy\/es\/index.php?rest_route=%2Fwp%2Fv2%2Ftags&post=151875"}],"curies":[{"name":"wp","href":"https:\/\/api.w.org\/{rel}","templated":true}]}}