{"id":151877,"date":"2020-09-06T19:46:46","date_gmt":"2020-09-06T16:46:46","guid":{"rendered":"http:\/\/sana.sy\/es\/?p=151877"},"modified":"2020-09-06T21:00:41","modified_gmt":"2020-09-06T18:00:41","slug":"delegacion-rusa-visita-damasco-para-sostener-conversaciones-sobre-cooperacion-bilateral","status":"publish","type":"post","link":"https:\/\/archive.sana.sy\/es\/?p=151877","title":{"rendered":"Delegaci\u00f3n rusa de alto nivel encabeza por el viceprimer ministro comienza visita oficial a Siria"},"content":{"rendered":"<p style=\"text-align: justify;\"><span style=\"color: #800000;\"><strong>Damasco, SANA<\/strong><\/span><\/p>\n<p style=\"text-align: justify;\">Una delegaci\u00f3n rusa de alto nivel encabezada por el viceprimer ministro Yuri Borisov lleg\u00f3 a Damasco para mantener conversaciones con funcionarios sirios sobre el desarrollo y el fortalecimiento de la cooperaci\u00f3n bilateral en diferentes campos.<\/p>\n<p style=\"text-align: justify;\">La delegaci\u00f3n fue recibida en el Aeropuerto Internacional de Damasco por el Ministro Asistente de Exteriores y Expatriados, Ayman Sousan, junto a altos funcionarios de la canciller\u00eda siria, y el Embajador de Rusia en Damasco, Alexander Yefimov.<\/p>\n<p style=\"text-align: justify;\">La misma sostendr\u00e1 ma\u00f1ana, conversaciones bilaterales y econ\u00f3micas con funcionarios sirios con el fin de consumar las conversaciones de la Comisi\u00f3n sirio-rusa conjunta para la cooperaci\u00f3n comercial, econ\u00f3mica, t\u00e9cnica y cient\u00edfica, la cual celebr\u00f3 sus reuniones en Mosc\u00fa en diciembre del a\u00f1o pasado.<\/p>\n<p style=\"text-align: justify;\">Durante la reuni\u00f3n que tuvo lugar el a\u00f1o pasado, ambos lados firmaron el protocolo de clausura de la reuni\u00f3n y un acuerdo para la cooperaci\u00f3n en el \u00e1mbito aduanal.<\/p>\n<p style=\"text-align: justify;\"><span style=\"color: #0000ff;\"><strong>Y.K.\/F.M.\/A.H.<\/strong><\/span><\/p>\n<div id='gallery-1' class='gallery galleryid-151877 gallery-columns-1 gallery-size-full'><figure class='gallery-item'>\n\t\t\t<div class='gallery-icon landscape'>\n\t\t\t\t<a href='https:\/\/archive.sana.sy\/es\/wp-content\/uploads\/2020\/09\/2-1.jpg'><img loading=\"lazy\" decoding=\"async\" width=\"660\" height=\"455\" src=\"https:\/\/archive.sana.sy\/es\/wp-content\/uploads\/2020\/09\/2-1.jpg\" class=\"attachment-full size-full\" alt=\"\" srcset=\"https:\/\/archive.sana.sy\/es\/wp-content\/uploads\/2020\/09\/2-1.jpg 660w, https:\/\/archive.sana.sy\/es\/wp-content\/uploads\/2020\/09\/2-1-300x207.jpg 300w, https:\/\/archive.sana.sy\/es\/wp-content\/uploads\/2020\/09\/2-1-150x103.jpg 150w, https:\/\/archive.sana.sy\/es\/wp-content\/uploads\/2020\/09\/2-1-110x75.jpg 110w\" sizes=\"(max-width: 660px) 100vw, 660px\" \/><\/a>\n\t\t\t<\/div><\/figure><figure class='gallery-item'>\n\t\t\t<div class='gallery-icon landscape'>\n\t\t\t\t<a href='https:\/\/archive.sana.sy\/es\/wp-content\/uploads\/2020\/09\/3-1.jpg'><img loading=\"lazy\" decoding=\"async\" width=\"660\" height=\"366\" src=\"https:\/\/archive.sana.sy\/es\/wp-content\/uploads\/2020\/09\/3-1.jpg\" class=\"attachment-full size-full\" alt=\"\" srcset=\"https:\/\/archive.sana.sy\/es\/wp-content\/uploads\/2020\/09\/3-1.jpg 660w, https:\/\/archive.sana.sy\/es\/wp-content\/uploads\/2020\/09\/3-1-300x166.jpg 300w, https:\/\/archive.sana.sy\/es\/wp-content\/uploads\/2020\/09\/3-1-150x83.jpg 150w\" sizes=\"(max-width: 660px) 100vw, 660px\" \/><\/a>\n\t\t\t<\/div><\/figure><figure class='gallery-item'>\n\t\t\t<div class='gallery-icon landscape'>\n\t\t\t\t<a href='https:\/\/archive.sana.sy\/es\/wp-content\/uploads\/2020\/09\/4-1.jpg'><img loading=\"lazy\" decoding=\"async\" width=\"660\" height=\"417\" src=\"https:\/\/archive.sana.sy\/es\/wp-content\/uploads\/2020\/09\/4-1.jpg\" class=\"attachment-full size-full\" alt=\"\" srcset=\"https:\/\/archive.sana.sy\/es\/wp-content\/uploads\/2020\/09\/4-1.jpg 660w, https:\/\/archive.sana.sy\/es\/wp-content\/uploads\/2020\/09\/4-1-300x190.jpg 300w, https:\/\/archive.sana.sy\/es\/wp-content\/uploads\/2020\/09\/4-1-150x95.jpg 150w\" sizes=\"(max-width: 660px) 100vw, 660px\" \/><\/a>\n\t\t\t<\/div><\/figure><figure class='gallery-item'>\n\t\t\t<div class='gallery-icon landscape'>\n\t\t\t\t<a href='https:\/\/archive.sana.sy\/es\/wp-content\/uploads\/2020\/09\/6.jpg'><img loading=\"lazy\" decoding=\"async\" width=\"660\" height=\"482\" src=\"https:\/\/archive.sana.sy\/es\/wp-content\/uploads\/2020\/09\/6.jpg\" class=\"attachment-full size-full\" alt=\"\" srcset=\"https:\/\/archive.sana.sy\/es\/wp-content\/uploads\/2020\/09\/6.jpg 660w, https:\/\/archive.sana.sy\/es\/wp-content\/uploads\/2020\/09\/6-300x219.jpg 300w, https:\/\/archive.sana.sy\/es\/wp-content\/uploads\/2020\/09\/6-150x110.jpg 150w\" sizes=\"(max-width: 660px) 100vw, 660px\" \/><\/a>\n\t\t\t<\/div><\/figure><figure class='gallery-item'>\n\t\t\t<div class='gallery-icon landscape'>\n\t\t\t\t<a href='https:\/\/archive.sana.sy\/es\/wp-content\/uploads\/2020\/09\/7.jpg'><img loading=\"lazy\" decoding=\"async\" width=\"660\" height=\"475\" src=\"https:\/\/archive.sana.sy\/es\/wp-content\/uploads\/2020\/09\/7.jpg\" class=\"attachment-full size-full\" alt=\"\" srcset=\"https:\/\/archive.sana.sy\/es\/wp-content\/uploads\/2020\/09\/7.jpg 660w, https:\/\/archive.sana.sy\/es\/wp-content\/uploads\/2020\/09\/7-300x216.jpg 300w, https:\/\/archive.sana.sy\/es\/wp-content\/uploads\/2020\/09\/7-150x108.jpg 150w\" sizes=\"(max-width: 660px) 100vw, 660px\" \/><\/a>\n\t\t\t<\/div><\/figure><figure class='gallery-item'>\n\t\t\t<div class='gallery-icon landscape'>\n\t\t\t\t<a href='https:\/\/archive.sana.sy\/es\/wp-content\/uploads\/2020\/09\/8.jpg'><img loading=\"lazy\" decoding=\"async\" width=\"660\" height=\"460\" src=\"https:\/\/archive.sana.sy\/es\/wp-content\/uploads\/2020\/09\/8.jpg\" class=\"attachment-full size-full\" alt=\"\" srcset=\"https:\/\/archive.sana.sy\/es\/wp-content\/uploads\/2020\/09\/8.jpg 660w, https:\/\/archive.sana.sy\/es\/wp-content\/uploads\/2020\/09\/8-300x209.jpg 300w, https:\/\/archive.sana.sy\/es\/wp-content\/uploads\/2020\/09\/8-150x105.jpg 150w\" sizes=\"(max-width: 660px) 100vw, 660px\" \/><\/a>\n\t\t\t<\/div><\/figure>\n\t\t<\/div>\n\n<p style=\"text-align: justify;\">Y.K.<\/p>\n","protected":false},"excerpt":{"rendered":"<p>Damasco, SANA Una delegaci\u00f3n rusa de alto nivel encabezada por el viceprimer ministro Yuri Borisov lleg\u00f3 a Damasco para mantener conversaciones con funcionarios sirios sobre el desarrollo y el fortalecimiento de la cooperaci\u00f3n bilateral en diferentes campos. La delegaci\u00f3n fue recibida en el Aeropuerto Internacional de Damasco por el Ministro Asistente de Exteriores y Expatriados, &hellip;<\/p>\n","protected":false},"author":1,"featured_media":151878,"comment_status":"closed","ping_status":"closed","sticky":false,"template":"","format":"standard","meta":{"footnotes":""},"categories":[597,476,467,583],"tags":[18271],"class_list":["post-151877","post","type-post","status-publish","format-standard","has-post-thumbnail","","category-cinta-de-noticias","category-locales","category-siria-y-el-mundo","category-slide","tag-delegacion-rusa-de-alto-nivel-encabeza-por-el-viceprimer-ministro-comienza-visita-oficial-a-siria"],"_links":{"self":[{"href":"https:\/\/archive.sana.sy\/es\/index.php?rest_route=\/wp\/v2\/posts\/151877"}],"collection":[{"href":"https:\/\/archive.sana.sy\/es\/index.php?rest_route=\/wp\/v2\/posts"}],"about":[{"href":"https:\/\/archive.sana.sy\/es\/index.php?rest_route=\/wp\/v2\/types\/post"}],"author":[{"embeddable":true,"href":"https:\/\/archive.sana.sy\/es\/index.php?rest_route=\/wp\/v2\/users\/1"}],"replies":[{"embeddable":true,"href":"https:\/\/archive.sana.sy\/es\/index.php?rest_route=%2Fwp%2Fv2%2Fcomments&post=151877"}],"version-history":[{"count":0,"href":"https:\/\/archive.sana.sy\/es\/index.php?rest_route=\/wp\/v2\/posts\/151877\/revisions"}],"wp:featuredmedia":[{"embeddable":true,"href":"https:\/\/archive.sana.sy\/es\/index.php?rest_route=\/wp\/v2\/media\/151878"}],"wp:attachment":[{"href":"https:\/\/archive.sana.sy\/es\/index.php?rest_route=%2Fwp%2Fv2%2Fmedia&parent=151877"}],"wp:term":[{"taxonomy":"category","embeddable":true,"href":"https:\/\/archive.sana.sy\/es\/index.php?rest_route=%2Fwp%2Fv2%2Fcategories&post=151877"},{"taxonomy":"post_tag","embeddable":true,"href":"https:\/\/archive.sana.sy\/es\/index.php?rest_route=%2Fwp%2Fv2%2Ftags&post=151877"}],"curies":[{"name":"wp","href":"https:\/\/api.w.org\/{rel}","templated":true}]}}