{"id":151887,"date":"2020-09-06T20:52:21","date_gmt":"2020-09-06T17:52:21","guid":{"rendered":"http:\/\/sana.sy\/es\/?p=151887"},"modified":"2020-09-06T21:42:52","modified_gmt":"2020-09-06T18:42:52","slug":"ministro-de-agricultura-destaca-importancia-de-reforestar-zonas-abolidas-por-el-incendio","status":"publish","type":"post","link":"https:\/\/archive.sana.sy\/es\/?p=151887","title":{"rendered":"Ministro de Agricultura destaca importancia de reforestar zonas asoladas por los incendios"},"content":{"rendered":"<p style=\"text-align: justify;\"><span style=\"color: #800000;\"><strong>Hama, SANA<\/strong><\/span><\/p>\n<p style=\"text-align: justify;\">En una reuni\u00f3n sostenida entre el Ministro de Agricultura y Reforma Agraria, Mohamad Hassan Qatana, e funcionarios en el a\u00e9rea de la agricultura y reforestaci\u00f3n, se acord\u00f3 aunar todos los esfuerzos y movilizar iniciativas gubernamentales y civiles para reforestar las a\u00e9reas asoladas por los \u00faltimos incendios, as\u00ed como otorgar a residentes locales la responsabilidad de protecci\u00f3n de los forestes.<\/p>\n<p style=\"text-align: justify;\">Tambi\u00e9n, se acord\u00f3 tomar medidas preventivas contra los incendios durante los meses de julio, agosto y septiembre, considerados meses de alto riesgo.<\/p>\n<p style=\"text-align: justify;\">El Ministro Qatana destac\u00f3 que la etapa pr\u00f3xima representa un desaf\u00edo para la implementaci\u00f3n de los planes agr\u00edcolas y subray\u00f3 la necesidad de replantar las a\u00e9reas quemadas e intensificar las campa\u00f1as de forestaci\u00f3n a fin de recuperar la capa verde perdida.<\/p>\n<p style=\"text-align: justify;\">Se\u00f1al\u00f3 que su gira por las zonas afectadas por el fuego tiene como objetivo evaluar la magnitud del da\u00f1o que azot\u00f3 los forestes y para conocer las necesidades de las personas afectadas por este desastre.<\/p>\n<p style=\"text-align: justify;\">El alto funcionario anunci\u00f3 que se formar\u00e1 un Comit\u00e9 para evaluar los da\u00f1os que caus\u00f3 el fuego a las propiedades de los ciudadanos y llam\u00f3 a tomar todas las medidas preventivas para impedir tales incidentes en el futuro.<\/p>\n<p style=\"text-align: justify;\">El ministro estim\u00f3 en 400 hect\u00e1reas, el a\u00e9rea afectada por los incendios y agreg\u00f3 que la mayor\u00eda de los forestes quemados eran de con\u00edferas y robles.<\/p>\n<p style=\"text-align: justify;\"><span style=\"color: #0000ff;\"><strong>Y.K.\/F.M\/A.H.<\/strong><\/span><\/p>\n<div id='gallery-1' class='gallery galleryid-151887 gallery-columns-1 gallery-size-full'><figure class='gallery-item'>\n\t\t\t<div class='gallery-icon landscape'>\n\t\t\t\t<a href='https:\/\/archive.sana.sy\/es\/wp-content\/uploads\/2020\/09\/2-2.jpg'><img loading=\"lazy\" decoding=\"async\" width=\"660\" height=\"370\" src=\"https:\/\/archive.sana.sy\/es\/wp-content\/uploads\/2020\/09\/2-2.jpg\" class=\"attachment-full size-full\" alt=\"\" srcset=\"https:\/\/archive.sana.sy\/es\/wp-content\/uploads\/2020\/09\/2-2.jpg 660w, https:\/\/archive.sana.sy\/es\/wp-content\/uploads\/2020\/09\/2-2-300x168.jpg 300w, https:\/\/archive.sana.sy\/es\/wp-content\/uploads\/2020\/09\/2-2-150x84.jpg 150w\" sizes=\"(max-width: 660px) 100vw, 660px\" \/><\/a>\n\t\t\t<\/div><\/figure><figure class='gallery-item'>\n\t\t\t<div class='gallery-icon landscape'>\n\t\t\t\t<a href='https:\/\/archive.sana.sy\/es\/wp-content\/uploads\/2020\/09\/3-2.jpg'><img loading=\"lazy\" decoding=\"async\" width=\"660\" height=\"440\" src=\"https:\/\/archive.sana.sy\/es\/wp-content\/uploads\/2020\/09\/3-2.jpg\" class=\"attachment-full size-full\" alt=\"\" srcset=\"https:\/\/archive.sana.sy\/es\/wp-content\/uploads\/2020\/09\/3-2.jpg 660w, https:\/\/archive.sana.sy\/es\/wp-content\/uploads\/2020\/09\/3-2-300x200.jpg 300w, https:\/\/archive.sana.sy\/es\/wp-content\/uploads\/2020\/09\/3-2-150x100.jpg 150w\" sizes=\"(max-width: 660px) 100vw, 660px\" \/><\/a>\n\t\t\t<\/div><\/figure><figure class='gallery-item'>\n\t\t\t<div class='gallery-icon landscape'>\n\t\t\t\t<a href='https:\/\/archive.sana.sy\/es\/wp-content\/uploads\/2020\/09\/4-2.jpg'><img loading=\"lazy\" decoding=\"async\" width=\"660\" height=\"440\" src=\"https:\/\/archive.sana.sy\/es\/wp-content\/uploads\/2020\/09\/4-2.jpg\" class=\"attachment-full size-full\" alt=\"\" srcset=\"https:\/\/archive.sana.sy\/es\/wp-content\/uploads\/2020\/09\/4-2.jpg 660w, https:\/\/archive.sana.sy\/es\/wp-content\/uploads\/2020\/09\/4-2-300x200.jpg 300w, https:\/\/archive.sana.sy\/es\/wp-content\/uploads\/2020\/09\/4-2-150x100.jpg 150w\" sizes=\"(max-width: 660px) 100vw, 660px\" \/><\/a>\n\t\t\t<\/div><\/figure>\n\t\t<\/div>\n\n<p style=\"text-align: justify;\">\n","protected":false},"excerpt":{"rendered":"<p>Hama, SANA En una reuni\u00f3n sostenida entre el Ministro de Agricultura y Reforma Agraria, Mohamad Hassan Qatana, e funcionarios en el a\u00e9rea de la agricultura y reforestaci\u00f3n, se acord\u00f3 aunar todos los esfuerzos y movilizar iniciativas gubernamentales y civiles para reforestar las a\u00e9reas asoladas por los \u00faltimos incendios, as\u00ed como otorgar a residentes locales la &hellip;<\/p>\n","protected":false},"author":1,"featured_media":151888,"comment_status":"closed","ping_status":"closed","sticky":false,"template":"","format":"standard","meta":{"footnotes":""},"categories":[597,476,7541],"tags":[],"class_list":["post-151887","post","type-post","status-publish","format-standard","has-post-thumbnail","","category-cinta-de-noticias","category-locales","category-ultimas-noticias"],"_links":{"self":[{"href":"https:\/\/archive.sana.sy\/es\/index.php?rest_route=\/wp\/v2\/posts\/151887"}],"collection":[{"href":"https:\/\/archive.sana.sy\/es\/index.php?rest_route=\/wp\/v2\/posts"}],"about":[{"href":"https:\/\/archive.sana.sy\/es\/index.php?rest_route=\/wp\/v2\/types\/post"}],"author":[{"embeddable":true,"href":"https:\/\/archive.sana.sy\/es\/index.php?rest_route=\/wp\/v2\/users\/1"}],"replies":[{"embeddable":true,"href":"https:\/\/archive.sana.sy\/es\/index.php?rest_route=%2Fwp%2Fv2%2Fcomments&post=151887"}],"version-history":[{"count":0,"href":"https:\/\/archive.sana.sy\/es\/index.php?rest_route=\/wp\/v2\/posts\/151887\/revisions"}],"wp:featuredmedia":[{"embeddable":true,"href":"https:\/\/archive.sana.sy\/es\/index.php?rest_route=\/wp\/v2\/media\/151888"}],"wp:attachment":[{"href":"https:\/\/archive.sana.sy\/es\/index.php?rest_route=%2Fwp%2Fv2%2Fmedia&parent=151887"}],"wp:term":[{"taxonomy":"category","embeddable":true,"href":"https:\/\/archive.sana.sy\/es\/index.php?rest_route=%2Fwp%2Fv2%2Fcategories&post=151887"},{"taxonomy":"post_tag","embeddable":true,"href":"https:\/\/archive.sana.sy\/es\/index.php?rest_route=%2Fwp%2Fv2%2Ftags&post=151887"}],"curies":[{"name":"wp","href":"https:\/\/api.w.org\/{rel}","templated":true}]}}