{"id":151918,"date":"2020-09-07T11:51:39","date_gmt":"2020-09-07T08:51:39","guid":{"rendered":"http:\/\/sana.sy\/es\/?p=151918"},"modified":"2020-09-07T11:52:06","modified_gmt":"2020-09-07T08:52:06","slug":"agencia-arabe-siria-de-noticia-sana-07-09-20-1151-cancilleria-siria-anuncia-que-el-viceprimer-ministro-y-ministro-de-exteriores-y-expatriados-walid-al-muallem-ofrecera-a-las-1600-pm-de-hoy-lune","status":"publish","type":"post","link":"https:\/\/archive.sana.sy\/es\/?p=151918","title":{"rendered":"Canciller\u00eda siria anuncia que el Viceprimer Ministro y Ministro de Exteriores y Expatriados, Walid Al-Muallem, ofrecer\u00e1 a las 16:00 pm de hoy lunes, una conferencia de prensa conjunta con Yuri Borisov, Viceprimer Ministro de la Federaci\u00f3n de Rusia, y Sergei Lavrov, Ministro de Exteriores de Rusia."},"content":{"rendered":"","protected":false},"excerpt":{"rendered":"","protected":false},"author":32,"featured_media":0,"comment_status":"closed","ping_status":"closed","sticky":false,"template":"","format":"standard","meta":{"footnotes":""},"categories":[596],"tags":[],"class_list":["post-151918","post","type-post","status-publish","format-standard","","category-urgente"],"_links":{"self":[{"href":"https:\/\/archive.sana.sy\/es\/index.php?rest_route=\/wp\/v2\/posts\/151918"}],"collection":[{"href":"https:\/\/archive.sana.sy\/es\/index.php?rest_route=\/wp\/v2\/posts"}],"about":[{"href":"https:\/\/archive.sana.sy\/es\/index.php?rest_route=\/wp\/v2\/types\/post"}],"author":[{"embeddable":true,"href":"https:\/\/archive.sana.sy\/es\/index.php?rest_route=\/wp\/v2\/users\/32"}],"replies":[{"embeddable":true,"href":"https:\/\/archive.sana.sy\/es\/index.php?rest_route=%2Fwp%2Fv2%2Fcomments&post=151918"}],"version-history":[{"count":0,"href":"https:\/\/archive.sana.sy\/es\/index.php?rest_route=\/wp\/v2\/posts\/151918\/revisions"}],"wp:attachment":[{"href":"https:\/\/archive.sana.sy\/es\/index.php?rest_route=%2Fwp%2Fv2%2Fmedia&parent=151918"}],"wp:term":[{"taxonomy":"category","embeddable":true,"href":"https:\/\/archive.sana.sy\/es\/index.php?rest_route=%2Fwp%2Fv2%2Fcategories&post=151918"},{"taxonomy":"post_tag","embeddable":true,"href":"https:\/\/archive.sana.sy\/es\/index.php?rest_route=%2Fwp%2Fv2%2Ftags&post=151918"}],"curies":[{"name":"wp","href":"https:\/\/api.w.org\/{rel}","templated":true}]}}