{"id":151987,"date":"2020-09-07T15:44:39","date_gmt":"2020-09-07T12:44:39","guid":{"rendered":"http:\/\/sana.sy\/es\/?p=151987"},"modified":"2020-09-07T15:45:59","modified_gmt":"2020-09-07T12:45:59","slug":"muertos-y-heridos-en-nuevo-ataque-contra-la-milicia-proestadounidense-fds","status":"publish","type":"post","link":"https:\/\/archive.sana.sy\/es\/?p=151987","title":{"rendered":"Muertos y heridos en nuevo ataque contra la milicia proestadounidense FDS"},"content":{"rendered":"<p style=\"text-align: justify;\"><strong><span style=\"color: #800000;\">Raqa &#8211; Deir Ezzor, SANA<\/span><\/strong><\/p>\n<p style=\"text-align: justify;\">Dos armados de la milicia Fuerzas Democr\u00e1ticas de Siria (FDS), financiada y armada por EE.UU, cayeron entre muertos y heridos en ataque contra veh\u00edculos suyos en las provincias nororientales de Raqa y Hasakeh.<\/p>\n<p style=\"text-align: justify;\">Seg\u00fan informaron activistas locales a SANA, un artefacto explosivo colocado por desconocidos estall\u00f3 en un veh\u00edculo perteneciente a FDS en la localidad Al-Nakhr, al este de la ciudad de Raqa.<\/p>\n<p style=\"text-align: justify;\">En el sur de Hasakeh, armados no identificado lanzaron un ataque con armas y ametralladoras contra un veh\u00edculo perteneciente a FDS, lo que caus\u00f3 la muerte de un armado.<\/p>\n<p style=\"text-align: justify;\">Aumenta la furia de la poblaci\u00f3n en las provincias de Deir Ezzor, Raqa y Hasakeh hacia esa milicia, lo cual se manifiesta mediante protestas populares que exigen su expulsi\u00f3n y la de las fuerzas de ocupaci\u00f3n estadounidenses .<\/p>\n<p style=\"text-align: justify;\"><strong><span style=\"color: #0000ff;\">E.D\/ F.M<\/span><\/strong><\/p>\n","protected":false},"excerpt":{"rendered":"<p>Raqa &#8211; Deir Ezzor, SANA Dos armados de la milicia Fuerzas Democr\u00e1ticas de Siria (FDS), financiada y armada por EE.UU, cayeron entre muertos y heridos en ataque contra veh\u00edculos suyos en las provincias nororientales de Raqa y Hasakeh. Seg\u00fan informaron activistas locales a SANA, un artefacto explosivo colocado por desconocidos estall\u00f3 en un veh\u00edculo perteneciente &hellip;<\/p>\n","protected":false},"author":32,"featured_media":151515,"comment_status":"closed","ping_status":"closed","sticky":false,"template":"","format":"standard","meta":{"footnotes":""},"categories":[477,597,476,7541],"tags":[],"class_list":["post-151987","post","type-post","status-publish","format-standard","has-post-thumbnail","","category-noticias-edulcorantes","category-cinta-de-noticias","category-locales","category-ultimas-noticias"],"_links":{"self":[{"href":"https:\/\/archive.sana.sy\/es\/index.php?rest_route=\/wp\/v2\/posts\/151987"}],"collection":[{"href":"https:\/\/archive.sana.sy\/es\/index.php?rest_route=\/wp\/v2\/posts"}],"about":[{"href":"https:\/\/archive.sana.sy\/es\/index.php?rest_route=\/wp\/v2\/types\/post"}],"author":[{"embeddable":true,"href":"https:\/\/archive.sana.sy\/es\/index.php?rest_route=\/wp\/v2\/users\/32"}],"replies":[{"embeddable":true,"href":"https:\/\/archive.sana.sy\/es\/index.php?rest_route=%2Fwp%2Fv2%2Fcomments&post=151987"}],"version-history":[{"count":0,"href":"https:\/\/archive.sana.sy\/es\/index.php?rest_route=\/wp\/v2\/posts\/151987\/revisions"}],"wp:featuredmedia":[{"embeddable":true,"href":"https:\/\/archive.sana.sy\/es\/index.php?rest_route=\/wp\/v2\/media\/151515"}],"wp:attachment":[{"href":"https:\/\/archive.sana.sy\/es\/index.php?rest_route=%2Fwp%2Fv2%2Fmedia&parent=151987"}],"wp:term":[{"taxonomy":"category","embeddable":true,"href":"https:\/\/archive.sana.sy\/es\/index.php?rest_route=%2Fwp%2Fv2%2Fcategories&post=151987"},{"taxonomy":"post_tag","embeddable":true,"href":"https:\/\/archive.sana.sy\/es\/index.php?rest_route=%2Fwp%2Fv2%2Ftags&post=151987"}],"curies":[{"name":"wp","href":"https:\/\/api.w.org\/{rel}","templated":true}]}}