{"id":151991,"date":"2020-09-07T15:51:52","date_gmt":"2020-09-07T12:51:52","guid":{"rendered":"http:\/\/sana.sy\/es\/?p=151991"},"modified":"2020-09-07T15:51:52","modified_gmt":"2020-09-07T12:51:52","slug":"el-canciller-al-moallem-afirma-en-una-rueda-de-prensa-con-su-homologo-ruso-que-la-delegacion-rusa-mantuvo-una-fructifera-reunion-con-el-presidente-bashar-al-assad-en-la-cual-se-abordaron-varios-aspec","status":"publish","type":"post","link":"https:\/\/archive.sana.sy\/es\/?p=151991","title":{"rendered":"El canciller al-Moallem afirma en una rueda de prensa con su hom\u00f3logo ruso que la delegaci\u00f3n rusa mantuvo una fruct\u00edfera reuni\u00f3n con el presidente Bashar al-Assad, en la cual se abordaron varios aspectos de la cooperaci\u00f3n bilateral y la situaci\u00f3n pol\u00edtica en Siria y la regi\u00f3n."},"content":{"rendered":"","protected":false},"excerpt":{"rendered":"","protected":false},"author":32,"featured_media":0,"comment_status":"closed","ping_status":"closed","sticky":false,"template":"","format":"standard","meta":{"footnotes":""},"categories":[596],"tags":[],"class_list":["post-151991","post","type-post","status-publish","format-standard","","category-urgente"],"_links":{"self":[{"href":"https:\/\/archive.sana.sy\/es\/index.php?rest_route=\/wp\/v2\/posts\/151991"}],"collection":[{"href":"https:\/\/archive.sana.sy\/es\/index.php?rest_route=\/wp\/v2\/posts"}],"about":[{"href":"https:\/\/archive.sana.sy\/es\/index.php?rest_route=\/wp\/v2\/types\/post"}],"author":[{"embeddable":true,"href":"https:\/\/archive.sana.sy\/es\/index.php?rest_route=\/wp\/v2\/users\/32"}],"replies":[{"embeddable":true,"href":"https:\/\/archive.sana.sy\/es\/index.php?rest_route=%2Fwp%2Fv2%2Fcomments&post=151991"}],"version-history":[{"count":0,"href":"https:\/\/archive.sana.sy\/es\/index.php?rest_route=\/wp\/v2\/posts\/151991\/revisions"}],"wp:attachment":[{"href":"https:\/\/archive.sana.sy\/es\/index.php?rest_route=%2Fwp%2Fv2%2Fmedia&parent=151991"}],"wp:term":[{"taxonomy":"category","embeddable":true,"href":"https:\/\/archive.sana.sy\/es\/index.php?rest_route=%2Fwp%2Fv2%2Fcategories&post=151991"},{"taxonomy":"post_tag","embeddable":true,"href":"https:\/\/archive.sana.sy\/es\/index.php?rest_route=%2Fwp%2Fv2%2Ftags&post=151991"}],"curies":[{"name":"wp","href":"https:\/\/api.w.org\/{rel}","templated":true}]}}