{"id":152015,"date":"2020-09-07T14:48:23","date_gmt":"2020-09-07T11:48:23","guid":{"rendered":"http:\/\/sana.sy\/es\/?p=152015"},"modified":"2020-09-07T20:26:10","modified_gmt":"2020-09-07T17:26:10","slug":"ataques-terroristas-destruyen-red-de-electricidad-en-tal-tamer","status":"publish","type":"post","link":"https:\/\/archive.sana.sy\/es\/?p=152015","title":{"rendered":"Ataques de terroristas proturcos destruyen red de electricidad en Tal Tamer"},"content":{"rendered":"<p><span style=\"color: #800000;\">Hasakeh, SANA<\/span><\/p>\n<p style=\"text-align: justify;\">La red el\u00e9ctrica en varios poblados pertenecientes a Tal Tamer en la provincia nororiental de Hasakeh, sufri\u00f3 da\u00f1os en bombardeos con misiles y artiller\u00eda perpetrados por grupos terroristas apoyados por el ocupante turco.<\/p>\n<p style=\"text-align: justify;\">El gerente de la Empresa de Electricidad de Hasakeh, Anwar Akleh explic\u00f3 que el bombardeo caus\u00f3 da\u00f1os en la l\u00ednea de 20 K.V. que une las localidades de Tel Tamer y Abu Rasein.<\/p>\n<p style=\"text-align: justify;\">\u201cComo consecuencia de la agresi\u00f3n, la electricidad fue interrumpida\u201d, indic\u00f3.<\/p>\n<p style=\"text-align: justify;\">Se\u00f1al\u00f3 que los equipos de mantenimiento se dirigieron al poblado para iniciar las obras de reparaci\u00f3n a fin de restablecer la corriente el\u00e9ctrica a los ciudadanos.<\/p>\n<p>Y.K.\/F.M.<\/p>\n","protected":false},"excerpt":{"rendered":"<p>Hasakeh, SANA La red el\u00e9ctrica en varios poblados pertenecientes a Tal Tamer en la provincia nororiental de Hasakeh, sufri\u00f3 da\u00f1os en bombardeos con misiles y artiller\u00eda perpetrados por grupos terroristas apoyados por el ocupante turco. El gerente de la Empresa de Electricidad de Hasakeh, Anwar Akleh explic\u00f3 que el bombardeo caus\u00f3 da\u00f1os en la l\u00ednea &hellip;<\/p>\n","protected":false},"author":1,"featured_media":152036,"comment_status":"closed","ping_status":"closed","sticky":false,"template":"","format":"standard","meta":{"footnotes":""},"categories":[597,573,7541],"tags":[],"class_list":["post-152015","post","type-post","status-publish","format-standard","has-post-thumbnail","","category-cinta-de-noticias","category-la-realidad-de-los-acontecimientos-en-siria","category-ultimas-noticias"],"_links":{"self":[{"href":"https:\/\/archive.sana.sy\/es\/index.php?rest_route=\/wp\/v2\/posts\/152015"}],"collection":[{"href":"https:\/\/archive.sana.sy\/es\/index.php?rest_route=\/wp\/v2\/posts"}],"about":[{"href":"https:\/\/archive.sana.sy\/es\/index.php?rest_route=\/wp\/v2\/types\/post"}],"author":[{"embeddable":true,"href":"https:\/\/archive.sana.sy\/es\/index.php?rest_route=\/wp\/v2\/users\/1"}],"replies":[{"embeddable":true,"href":"https:\/\/archive.sana.sy\/es\/index.php?rest_route=%2Fwp%2Fv2%2Fcomments&post=152015"}],"version-history":[{"count":0,"href":"https:\/\/archive.sana.sy\/es\/index.php?rest_route=\/wp\/v2\/posts\/152015\/revisions"}],"wp:featuredmedia":[{"embeddable":true,"href":"https:\/\/archive.sana.sy\/es\/index.php?rest_route=\/wp\/v2\/media\/152036"}],"wp:attachment":[{"href":"https:\/\/archive.sana.sy\/es\/index.php?rest_route=%2Fwp%2Fv2%2Fmedia&parent=152015"}],"wp:term":[{"taxonomy":"category","embeddable":true,"href":"https:\/\/archive.sana.sy\/es\/index.php?rest_route=%2Fwp%2Fv2%2Fcategories&post=152015"},{"taxonomy":"post_tag","embeddable":true,"href":"https:\/\/archive.sana.sy\/es\/index.php?rest_route=%2Fwp%2Fv2%2Ftags&post=152015"}],"curies":[{"name":"wp","href":"https:\/\/api.w.org\/{rel}","templated":true}]}}