{"id":152083,"date":"2020-09-07T14:47:36","date_gmt":"2020-09-07T11:47:36","guid":{"rendered":"http:\/\/sana.sy\/es\/?p=152083"},"modified":"2020-09-07T22:49:59","modified_gmt":"2020-09-07T19:49:59","slug":"arribo-a-damasco-un-avion-con-239-sirios-repatriados-de-jartum","status":"publish","type":"post","link":"https:\/\/archive.sana.sy\/es\/?p=152083","title":{"rendered":"Arrib\u00f3 a Damasco un avi\u00f3n con 239 sirios repatriados de Jartum"},"content":{"rendered":"<p style=\"text-align: justify;\"><span style=\"color: #800000;\">Damasco, SANA<\/span><\/p>\n<p style=\"text-align: justify;\">Arrib\u00f3 al Aeropuerto Internacional de Damasco un avi\u00f3n de la Aerol\u00ednea Siria con 239 nacionales a bordo provenientes de la capital sudanesa, Jartum.<\/p>\n<p style=\"text-align: justify;\">El Ministerio de Transporte inform\u00f3 que este vuelo forma parte de los esfuerzos gubernamentales para repatriar a los sirios varados en el exterior debido al cierre del aeropuerto y la suspensi\u00f3n de vuelos por la pandemia de la Covid-19.<\/p>\n<p style=\"text-align: justify;\">El pasado viernes, aterriz\u00f3 en el Aeropuerto Internacional de Damasco un avi\u00f3n procedente de Kuwait con 257 sirios repatriados a bordo.<\/p>\n<p style=\"text-align: justify;\">El Ministerio de Interior pidi\u00f3 recientemente a los ciudadanos sirios que deseen regresar a Siria que se comuniquen con las embajadas sirias en El Cairo, Mascate, Abu Dhabi, Dubai, Amm\u00e1n, Kuwait, Jartum, Manama, Mosc\u00fa, Argelia y Bagdad para presentar sus solicitudes de regreso.<\/p>\n<p style=\"text-align: justify;\"><span style=\"color: #0000ff;\">RR\/FM<\/span><\/p>\n","protected":false},"excerpt":{"rendered":"<p>Damasco, SANA Arrib\u00f3 al Aeropuerto Internacional de Damasco un avi\u00f3n de la Aerol\u00ednea Siria con 239 nacionales a bordo provenientes de la capital sudanesa, Jartum. El Ministerio de Transporte inform\u00f3 que este vuelo forma parte de los esfuerzos gubernamentales para repatriar a los sirios varados en el exterior debido al cierre del aeropuerto y la &hellip;<\/p>\n","protected":false},"author":31,"featured_media":152084,"comment_status":"closed","ping_status":"closed","sticky":false,"template":"","format":"standard","meta":{"footnotes":""},"categories":[597,476,7541],"tags":[],"class_list":["post-152083","post","type-post","status-publish","format-standard","has-post-thumbnail","","category-cinta-de-noticias","category-locales","category-ultimas-noticias"],"_links":{"self":[{"href":"https:\/\/archive.sana.sy\/es\/index.php?rest_route=\/wp\/v2\/posts\/152083"}],"collection":[{"href":"https:\/\/archive.sana.sy\/es\/index.php?rest_route=\/wp\/v2\/posts"}],"about":[{"href":"https:\/\/archive.sana.sy\/es\/index.php?rest_route=\/wp\/v2\/types\/post"}],"author":[{"embeddable":true,"href":"https:\/\/archive.sana.sy\/es\/index.php?rest_route=\/wp\/v2\/users\/31"}],"replies":[{"embeddable":true,"href":"https:\/\/archive.sana.sy\/es\/index.php?rest_route=%2Fwp%2Fv2%2Fcomments&post=152083"}],"version-history":[{"count":0,"href":"https:\/\/archive.sana.sy\/es\/index.php?rest_route=\/wp\/v2\/posts\/152083\/revisions"}],"wp:featuredmedia":[{"embeddable":true,"href":"https:\/\/archive.sana.sy\/es\/index.php?rest_route=\/wp\/v2\/media\/152084"}],"wp:attachment":[{"href":"https:\/\/archive.sana.sy\/es\/index.php?rest_route=%2Fwp%2Fv2%2Fmedia&parent=152083"}],"wp:term":[{"taxonomy":"category","embeddable":true,"href":"https:\/\/archive.sana.sy\/es\/index.php?rest_route=%2Fwp%2Fv2%2Fcategories&post=152083"},{"taxonomy":"post_tag","embeddable":true,"href":"https:\/\/archive.sana.sy\/es\/index.php?rest_route=%2Fwp%2Fv2%2Ftags&post=152083"}],"curies":[{"name":"wp","href":"https:\/\/api.w.org\/{rel}","templated":true}]}}