{"id":15223,"date":"2014-12-30T19:20:17","date_gmt":"2014-12-30T17:20:17","guid":{"rendered":"http:\/\/www.sana.sy\/es\/?p=15223"},"modified":"2014-12-30T19:31:19","modified_gmt":"2014-12-30T17:31:19","slug":"allawi-confirma-la-necesidad-de-encontrar-una-solucion-politica-a-la-crisis-en-siria","status":"publish","type":"post","link":"https:\/\/archive.sana.sy\/es\/?p=15223","title":{"rendered":"Allawi confirma la necesidad de encontrar una soluci\u00f3n pol\u00edtica a la crisis en Siria"},"content":{"rendered":"<p style=\"text-align: justify\"><span style=\"color: #800000\">Beirut, SANA<\/span><\/p>\n<p style=\"text-align: justify\">El Vicepresidente de Irak, Iyad Allawi, confirm\u00f3 la necesidad de encontrar una soluci\u00f3n pol\u00edtica a la crisis en Siria, de una manera que se logre la estabilidad en este pa\u00eds.<\/p>\n<p style=\"text-align: justify\">En una rueda de prensa en Beirut, Allawi dijo: \u201ces necesario hallar una nueva iniciativa para reactivar la b\u00fasqueda de una soluci\u00f3n pol\u00edtica a la crisis siria para que reine nuevamente la paz y la estabilidad all\u00ed\u201d.<\/p>\n<p style=\"text-align: justify\">El funcionario iraqu\u00ed se\u00f1al\u00f3 el peligro del terrorismo y el extremismo sobre Irak y su influencia en la regi\u00f3n, llamando a elaborar una estrategia integral y un orden regional que sea capaz y cualificado para enfrentar a las fuerzas del extremismo.<\/p>\n<p style=\"text-align: justify\">\u201cHay que llevar a cabo verdaderas reconciliaciones nacionales y otras entre los estados a trav\u00e9s de aplicar una estrategia contra el extremismo\u201d, reiter\u00f3 el Vicepresidente iraqu\u00ed.<\/p>\n<p style=\"text-align: justify\"><span style=\"color: #0000ff\">Ghifar Al Ali &amp; Riyad Sh.<\/span><\/p>\n","protected":false},"excerpt":{"rendered":"<p>Beirut, SANA El Vicepresidente de Irak, Iyad Allawi, confirm\u00f3 la necesidad de encontrar una soluci\u00f3n pol\u00edtica a la crisis en Siria, de una manera que se logre la estabilidad en este pa\u00eds. En una rueda de prensa en Beirut, Allawi dijo: \u201ces necesario hallar una nueva iniciativa para reactivar la b\u00fasqueda de una soluci\u00f3n pol\u00edtica &hellip;<\/p>\n","protected":false},"author":1,"featured_media":15224,"comment_status":"closed","ping_status":"closed","sticky":false,"template":"","format":"standard","meta":{"footnotes":""},"categories":[597,456,457,576],"tags":[3462],"class_list":["post-15223","post","type-post","status-publish","format-standard","has-post-thumbnail","","category-cinta-de-noticias","category-arabe-internacional-politica","category-noticias-arabe-internacional-politica","category-noticias-politicas","tag-allawi-confirma-la-necesidad-de-encontrar-una-solucion-politica-a-la-crisis-en-siria"],"_links":{"self":[{"href":"https:\/\/archive.sana.sy\/es\/index.php?rest_route=\/wp\/v2\/posts\/15223"}],"collection":[{"href":"https:\/\/archive.sana.sy\/es\/index.php?rest_route=\/wp\/v2\/posts"}],"about":[{"href":"https:\/\/archive.sana.sy\/es\/index.php?rest_route=\/wp\/v2\/types\/post"}],"author":[{"embeddable":true,"href":"https:\/\/archive.sana.sy\/es\/index.php?rest_route=\/wp\/v2\/users\/1"}],"replies":[{"embeddable":true,"href":"https:\/\/archive.sana.sy\/es\/index.php?rest_route=%2Fwp%2Fv2%2Fcomments&post=15223"}],"version-history":[{"count":0,"href":"https:\/\/archive.sana.sy\/es\/index.php?rest_route=\/wp\/v2\/posts\/15223\/revisions"}],"wp:featuredmedia":[{"embeddable":true,"href":"https:\/\/archive.sana.sy\/es\/index.php?rest_route=\/wp\/v2\/media\/15224"}],"wp:attachment":[{"href":"https:\/\/archive.sana.sy\/es\/index.php?rest_route=%2Fwp%2Fv2%2Fmedia&parent=15223"}],"wp:term":[{"taxonomy":"category","embeddable":true,"href":"https:\/\/archive.sana.sy\/es\/index.php?rest_route=%2Fwp%2Fv2%2Fcategories&post=15223"},{"taxonomy":"post_tag","embeddable":true,"href":"https:\/\/archive.sana.sy\/es\/index.php?rest_route=%2Fwp%2Fv2%2Ftags&post=15223"}],"curies":[{"name":"wp","href":"https:\/\/api.w.org\/{rel}","templated":true}]}}