{"id":152252,"date":"2020-09-09T11:00:44","date_gmt":"2020-09-09T08:00:44","guid":{"rendered":"http:\/\/sana.sy\/es\/?p=152252"},"modified":"2023-01-12T14:43:17","modified_gmt":"2023-01-12T12:43:17","slug":"drones-yemenies-vuelven-a-bombardear-el-aeropuerto-saudi-de-abha","status":"publish","type":"post","link":"https:\/\/archive.sana.sy\/es\/?p=152252","title":{"rendered":"Drones yemen\u00edes vuelven a bombardear el aeropuerto saud\u00ed de Abha"},"content":{"rendered":"<p style=\"text-align: justify;\"><span style=\"color: #800000;\"><strong>San\u00e1, SANA<\/strong><\/span><\/p>\n<p style=\"text-align: justify;\">El portavoz de las fuerzas armadas yemen\u00edes, el general Yahya Saree, anunci\u00f3 que por tercer d\u00eda consecutivo, aviones no tripulados del ej\u00e9rcito yemen\u00ed lanzaron de nuevo un ataque contra el aeropuerto saud\u00ed de Abha.<\/p>\n<p style=\"text-align: justify;\">\u201cLa Fuerza A\u00e9rea yemen\u00ed llev\u00f3 a cabo un ataque con drones contra posiciones militares saud\u00edes y los blancos fueron precisamente alcanzados\u201d, asegur\u00f3 el vocero.<\/p>\n<p style=\"text-align: justify;\">Indic\u00f3 que esta ofensiva se produjo en respuesta a la continua escalada agresora de la coalici\u00f3n al injusto asedio contra el pueblo yemen\u00ed.<\/p>\n<p style=\"text-align: justify;\">Las fuerzas agresoras dirigidas por Arabia Saudita cometen atroces cr\u00edmenes contra los civiles yemen\u00edes desde marzo de 2015.<\/p>\n<p style=\"text-align: justify;\"><span style=\"color: #0000ff;\"><strong>W.S\/F.M<\/strong><\/span><\/p>\n","protected":false},"excerpt":{"rendered":"<p>San\u00e1, SANA El portavoz de las fuerzas armadas yemen\u00edes, el general Yahya Saree, anunci\u00f3 que por tercer d\u00eda consecutivo, aviones no tripulados del ej\u00e9rcito yemen\u00ed lanzaron de nuevo un ataque contra el aeropuerto saud\u00ed de Abha. \u201cLa Fuerza A\u00e9rea yemen\u00ed llev\u00f3 a cabo un ataque con drones contra posiciones militares saud\u00edes y los blancos fueron &hellip;<\/p>\n","protected":false},"author":35,"featured_media":152253,"comment_status":"closed","ping_status":"closed","sticky":false,"template":"","format":"standard","meta":{"footnotes":""},"categories":[597,456],"tags":[],"class_list":["post-152252","post","type-post","status-publish","format-standard","has-post-thumbnail","","category-cinta-de-noticias","category-arabe-internacional-politica"],"_links":{"self":[{"href":"https:\/\/archive.sana.sy\/es\/index.php?rest_route=\/wp\/v2\/posts\/152252"}],"collection":[{"href":"https:\/\/archive.sana.sy\/es\/index.php?rest_route=\/wp\/v2\/posts"}],"about":[{"href":"https:\/\/archive.sana.sy\/es\/index.php?rest_route=\/wp\/v2\/types\/post"}],"author":[{"embeddable":true,"href":"https:\/\/archive.sana.sy\/es\/index.php?rest_route=\/wp\/v2\/users\/35"}],"replies":[{"embeddable":true,"href":"https:\/\/archive.sana.sy\/es\/index.php?rest_route=%2Fwp%2Fv2%2Fcomments&post=152252"}],"version-history":[{"count":0,"href":"https:\/\/archive.sana.sy\/es\/index.php?rest_route=\/wp\/v2\/posts\/152252\/revisions"}],"wp:featuredmedia":[{"embeddable":true,"href":"https:\/\/archive.sana.sy\/es\/index.php?rest_route=\/wp\/v2\/media\/152253"}],"wp:attachment":[{"href":"https:\/\/archive.sana.sy\/es\/index.php?rest_route=%2Fwp%2Fv2%2Fmedia&parent=152252"}],"wp:term":[{"taxonomy":"category","embeddable":true,"href":"https:\/\/archive.sana.sy\/es\/index.php?rest_route=%2Fwp%2Fv2%2Fcategories&post=152252"},{"taxonomy":"post_tag","embeddable":true,"href":"https:\/\/archive.sana.sy\/es\/index.php?rest_route=%2Fwp%2Fv2%2Ftags&post=152252"}],"curies":[{"name":"wp","href":"https:\/\/api.w.org\/{rel}","templated":true}]}}